{"id":984,"date":"2016-10-18T15:27:09","date_gmt":"2016-10-18T15:27:09","guid":{"rendered":"https:\/\/santaanaalcoiweb.wordpress.com\/?p=984"},"modified":"2016-10-18T15:27:09","modified_gmt":"2016-10-18T15:27:09","slug":"escoleta-infantil-estimulacion-sensorial-acuatica","status":"publish","type":"post","link":"https:\/\/www.santaanaalcoi.es\/?p=984","title":{"rendered":"Escoleta Infantil: Estimulaci\u00f3n Sensorial Acu\u00e1tica"},"content":{"rendered":"<p style=\"text-align:justify;\">A continuaci\u00f3n os\u00a0mostramos los principios de la estimulaci\u00f3n temprana en el agua en los primeros meses de vida del beb\u00e9. Esta estimulaci\u00f3n es muy importante para el desarrollo de las \u00e1reas motoras, cognitivas, sensoriales y sociales.<\/p>\n<p style=\"text-align:justify;\">En estas edades hablamos de<strong> adaptaci\u00f3n al medio acu\u00e1tico en edades tempranas <\/strong>con juegos, canciones y ejercicios muy comprensivos, lo que favorece la creaci\u00f3n de v\u00ednculos entre el beb\u00e9 y este espacio. La estimulaci\u00f3n acu\u00e1tica va much\u00edsimo m\u00e1s all\u00e1 de la ense\u00f1anza de la nataci\u00f3n como medio de desplazamiento.<\/p>\n<p style=\"text-align:justify;\"><strong>Cada etapa de crecimiento tiene unos ejercicios <\/strong>que desarrollan las distintas a\u00e9reas, para ello los m\u00e9todos dirigidos por expertos en estimulaci\u00f3n temprana, fisioterapeutas y otros profesionales, tienen tambi\u00e9n que estar reforzados por el v\u00ednculo materno-paterno y con una experiencia lo m\u00e1s positiva posible.<\/p>\n<p>Todos los programas para bebes tienen que tener como m\u00ednimo unas bases a seguir:<\/p>\n<ul>\n<li style=\"text-align:justify;\">Profesionales cualificados.<\/li>\n<li style=\"text-align:justify;\">Piscinas con temperaturas entre los 32\u00b0-34\u00b0.<\/li>\n<li style=\"text-align:justify;\">Accesibilidad, vestuarios y zonas adaptadas.<\/li>\n<li style=\"text-align:justify;\">M\u00e9todos comprensivos sin prisas ni objetivos concretos: cada beb\u00e9 tiene unos progresos y hay que respetarlos, no todos reaccionan igual a los mismos est\u00edmulos.<\/li>\n<li style=\"text-align:justify;\">El programa acu\u00e1tico debe adaptarse a las caracter\u00edsticas del beb\u00e9 y nunca al rev\u00e9s.<\/li>\n<\/ul>\n<p style=\"text-align:justify;\">Nuestra m\u00e1xima siempre ha sido la de ofrecer lo mejor a las familias que depositan su confianza en las metodolog\u00edas de trabajo del Colegio Santa Ana.<br \/>\nUna ense\u00f1anza basada en el contacto con la naturaleza, la estimulaci\u00f3n de los sentidos, el aprendizaje basado en la experiencia, y el v\u00ednculo familia-colegio, nos ha llevado a introducir, en colaboraci\u00f3n con el <a class=\"profileLink\" href=\"https:\/\/www.facebook.com\/GimnasioOnsenAlcoy\/\">Gimnasio Onsen Alcoy<\/a> , y su experta Alicia Jim\u00e9nez, sesiones mensuales de \u00abEstimulaci\u00f3n Sensorial Acu\u00e1tica\u00bb, para nuestros alumno<span class=\"text_exposed_show\">s de 0 a 3 a\u00f1os.<\/span><span class=\"text_exposed_show\"><br \/>\nEl pr\u00f3ximo Viernes, 28 de Octubre, dar\u00e1n comienzo estas sesiones, en las que hemos depositado toda nuestra ilusi\u00f3n y confianza.<\/span><\/p>\n<div class=\"text_exposed_show\">\n<p style=\"text-align:justify;\">\u00abUna prueba de lo acertado de la intervenci\u00f3n educativa, es la felicidad del ni\u00f1o\u00bb Mar\u00eda Montessori (1870-1952)<\/p>\n<p style=\"text-align:justify;\">En el siguiente enlace pod\u00e9is descargar un archivo PDF con toda la informaci\u00f3n.<\/p>\n<ul>\n<li style=\"text-align:justify;\"><a href=\"https:\/\/santaanaalcoiweb.wordpress.com\/wp-content\/uploads\/2016\/10\/estimulaciocc81n-sensorial-escoleta.pdf\" target=\"_blank\">Documento \u00abEstimulaci\u00f3n Sensorial Acu\u00e1tica\u00bb<\/a><\/li>\n<\/ul>\n<p style=\"text-align:justify;\"><a class=\"_58cn\" href=\"https:\/\/www.facebook.com\/hashtag\/escoleta?source=feed_text&amp;story_id=1118758664898923\"><span class=\"_5afx\"><span class=\"_58cl _5afz\">#<\/span><span class=\"_58cm\">Escoleta<\/span><\/span><\/a> <a class=\"_58cn\" href=\"https:\/\/www.facebook.com\/hashtag\/santaanaalcoi?source=feed_text&amp;story_id=1118758664898923\"><span class=\"_5afx\"><span class=\"_58cl _5afz\">#<\/span><span class=\"_58cm\">SantaAnaAlcoi<\/span><\/span><\/a> <a class=\"_58cn\" href=\"https:\/\/www.facebook.com\/hashtag\/dondecrecenlossue%C3%B1os?source=feed_text&amp;story_id=1118758664898923\"><span class=\"_5afx\"><span class=\"_58cl _5afz\">#<\/span><span class=\"_58cm\">DondeCrecenLosSue\u00f1os<\/span><\/span><\/a><\/p>\n<\/div>\n","protected":false},"excerpt":{"rendered":"<p>A continuaci\u00f3n os\u00a0mostramos los principios de la estimulaci\u00f3n temprana en el agua en los primeros meses de vida del beb\u00e9. Esta estimulaci\u00f3n es muy importante para el desarrollo de las \u00e1reas motoras, cognitivas, sensoriales y sociales. En estas edades hablamos de adaptaci\u00f3n al medio acu\u00e1tico en edades tempranas con juegos, canciones y ejercicios muy comprensivos,&#8230; <\/p>\n<div class=\"link-more\"><a href=\"https:\/\/www.santaanaalcoi.es\/?p=984\">Lea m\u00e1s<\/a><\/div>\n","protected":false},"author":3,"featured_media":986,"comment_status":"open","ping_status":"open","sticky":false,"template":"","format":"standard","meta":{"_jetpack_memberships_contains_paid_content":false,"footnotes":""},"categories":[1],"tags":[],"class_list":["post-984","post","type-post","status-publish","format-standard","has-post-thumbnail","hentry","category-sin-categoria"],"jetpack_featured_media_url":"https:\/\/www.santaanaalcoi.es\/wp-content\/uploads\/2016\/10\/estimulaciocc81n-sensorial-web.jpg","jetpack_sharing_enabled":true,"_links":{"self":[{"href":"https:\/\/www.santaanaalcoi.es\/index.php?rest_route=\/wp\/v2\/posts\/984","targetHints":{"allow":["GET"]}}],"collection":[{"href":"https:\/\/www.santaanaalcoi.es\/index.php?rest_route=\/wp\/v2\/posts"}],"about":[{"href":"https:\/\/www.santaanaalcoi.es\/index.php?rest_route=\/wp\/v2\/types\/post"}],"author":[{"embeddable":true,"href":"https:\/\/www.santaanaalcoi.es\/index.php?rest_route=\/wp\/v2\/users\/3"}],"replies":[{"embeddable":true,"href":"https:\/\/www.santaanaalcoi.es\/index.php?rest_route=%2Fwp%2Fv2%2Fcomments&post=984"}],"version-history":[{"count":0,"href":"https:\/\/www.santaanaalcoi.es\/index.php?rest_route=\/wp\/v2\/posts\/984\/revisions"}],"wp:featuredmedia":[{"embeddable":true,"href":"https:\/\/www.santaanaalcoi.es\/index.php?rest_route=\/wp\/v2\/media\/986"}],"wp:attachment":[{"href":"https:\/\/www.santaanaalcoi.es\/index.php?rest_route=%2Fwp%2Fv2%2Fmedia&parent=984"}],"wp:term":[{"taxonomy":"category","embeddable":true,"href":"https:\/\/www.santaanaalcoi.es\/index.php?rest_route=%2Fwp%2Fv2%2Fcategories&post=984"},{"taxonomy":"post_tag","embeddable":true,"href":"https:\/\/www.santaanaalcoi.es\/index.php?rest_route=%2Fwp%2Fv2%2Ftags&post=984"}],"curies":[{"name":"wp","href":"https:\/\/api.w.org\/{rel}","templated":true}]}}