{"id":977,"date":"2016-10-17T16:05:29","date_gmt":"2016-10-17T16:05:29","guid":{"rendered":"https:\/\/santaanaalcoiweb.wordpress.com\/?p=977"},"modified":"2016-10-17T16:05:29","modified_gmt":"2016-10-17T16:05:29","slug":"dia-mundial-de-la-alimentacion","status":"publish","type":"post","link":"https:\/\/www.santaanaalcoi.es\/?p=977","title":{"rendered":"D\u00eda Mundial de la Alimentaci\u00f3n"},"content":{"rendered":"<p style=\"text-align:center;\"><strong>\u00a116 DE OCTUBRE, D\u00cdA MUNDIAL DE LA ALIMENTACI\u00d3N!<\/strong><strong>\u00a0<\/strong><\/p>\n<p style=\"text-align:justify;\">El 16 de Octubre de cada a\u00f1o, se celebra el\u00a0D\u00eda Mundial de la Alimentaci\u00f3n, proclamado en 1979 por la\u00a0<a href=\"https:\/\/es.wikipedia.org\/wiki\/Organizaci%C3%B3n_de_las_Naciones_Unidas_para_la_Agricultura_y_la_Alimentaci%C3%B3n\">Organizaci\u00f3n de las Naciones Unidas para la Agricultura y la Alimentaci\u00f3n<\/a>\u00a0(FAO).\u00a0Su finalidad es concienciar a las personas sobre el problema alimentario mundial y fortalecer la solidaridad en la lucha contra el hambre, la desnutrici\u00f3n y la pobreza.<\/p>\n<p style=\"text-align:justify;\">En la cocina de nuestro centro se elaboran con mimo y detalle cada uno de los men\u00fas que despu\u00e9s degustan nuestros alumnos\/as. Desde siempre hemos apostado por ofrecer a los ni\u00f1os y ni\u00f1as una dieta sana y equilibrada, de esta forma, desde edades tempranas, tienen a su alcance infinidad de sabores que les proporcionan los alimentos. Adem\u00e1s, recordamos la suerte que tenemos por tener diariamente comida, lo que nos hace estar fuertes y sanos.<\/p>\n<p style=\"text-align:justify;\">Hoy hemos celebrado\u00a0el 16 de Octubre con un rico men\u00fa: ensalada tropical, macarrones a la bolo\u00f1esa, tortilla francesa con jam\u00f3n york y fruta \u00a1delicioso!, y despu\u00e9s hemos realizado\u00a0actividades entorno a esta tem\u00e1tica.<\/p>\n","protected":false},"excerpt":{"rendered":"<p>\u00a116 DE OCTUBRE, D\u00cdA MUNDIAL DE LA ALIMENTACI\u00d3N!\u00a0 El 16 de Octubre de cada a\u00f1o, se celebra el\u00a0D\u00eda Mundial de la Alimentaci\u00f3n, proclamado en 1979 por la\u00a0Organizaci\u00f3n de las Naciones Unidas para la Agricultura y la Alimentaci\u00f3n\u00a0(FAO).\u00a0Su finalidad es concienciar a las personas sobre el problema alimentario mundial y fortalecer la solidaridad en la lucha&#8230; <\/p>\n<div class=\"link-more\"><a href=\"https:\/\/www.santaanaalcoi.es\/?p=977\">Lea m\u00e1s<\/a><\/div>\n","protected":false},"author":3,"featured_media":983,"comment_status":"open","ping_status":"open","sticky":false,"template":"","format":"standard","meta":{"_jetpack_memberships_contains_paid_content":false,"footnotes":""},"categories":[1],"tags":[],"class_list":["post-977","post","type-post","status-publish","format-standard","has-post-thumbnail","hentry","category-sin-categoria"],"jetpack_featured_media_url":"https:\/\/www.santaanaalcoi.es\/wp-content\/uploads\/2016\/10\/dia-mundial-alimentacion.jpg","jetpack_sharing_enabled":true,"_links":{"self":[{"href":"https:\/\/www.santaanaalcoi.es\/index.php?rest_route=\/wp\/v2\/posts\/977","targetHints":{"allow":["GET"]}}],"collection":[{"href":"https:\/\/www.santaanaalcoi.es\/index.php?rest_route=\/wp\/v2\/posts"}],"about":[{"href":"https:\/\/www.santaanaalcoi.es\/index.php?rest_route=\/wp\/v2\/types\/post"}],"author":[{"embeddable":true,"href":"https:\/\/www.santaanaalcoi.es\/index.php?rest_route=\/wp\/v2\/users\/3"}],"replies":[{"embeddable":true,"href":"https:\/\/www.santaanaalcoi.es\/index.php?rest_route=%2Fwp%2Fv2%2Fcomments&post=977"}],"version-history":[{"count":0,"href":"https:\/\/www.santaanaalcoi.es\/index.php?rest_route=\/wp\/v2\/posts\/977\/revisions"}],"wp:featuredmedia":[{"embeddable":true,"href":"https:\/\/www.santaanaalcoi.es\/index.php?rest_route=\/wp\/v2\/media\/983"}],"wp:attachment":[{"href":"https:\/\/www.santaanaalcoi.es\/index.php?rest_route=%2Fwp%2Fv2%2Fmedia&parent=977"}],"wp:term":[{"taxonomy":"category","embeddable":true,"href":"https:\/\/www.santaanaalcoi.es\/index.php?rest_route=%2Fwp%2Fv2%2Fcategories&post=977"},{"taxonomy":"post_tag","embeddable":true,"href":"https:\/\/www.santaanaalcoi.es\/index.php?rest_route=%2Fwp%2Fv2%2Ftags&post=977"}],"curies":[{"name":"wp","href":"https:\/\/api.w.org\/{rel}","templated":true}]}}