{"id":969,"date":"2016-10-14T14:58:45","date_gmt":"2016-10-14T14:58:45","guid":{"rendered":"https:\/\/santaanaalcoiweb.wordpress.com\/?p=969"},"modified":"2016-10-14T14:58:45","modified_gmt":"2016-10-14T14:58:45","slug":"escoleta-santa-ana-mi-hijoa-pega-o-muerde-en-el-cole","status":"publish","type":"post","link":"https:\/\/www.santaanaalcoi.es\/?p=969","title":{"rendered":"Escoleta Santa Ana: \u00abMi hijo\/a pega o muerde en el cole\u00bb"},"content":{"rendered":"<p style=\"text-align:justify;\">Desde el a\u00f1o hasta los tres o cuatro a\u00f1os podemos encontrar que nuestro hijo pega a alg\u00fan otro ni\u00f1o\/a o incluso a nosotros o que tambi\u00e9n da bocados a otras personas. Esta conducta es bastante habitual entre estas edades y significa que nuestro beb\u00e9 est\u00e1 madurando y ganando autonom\u00eda.<\/p>\n<p style=\"text-align:justify;\">Cuando los peques pegan o muerden puede ser por diferentes motivos como dolor de enc\u00edas, hambre o frustraci\u00f3n al no saber gestionar la energ\u00eda entre otros. As\u00ed que a estas edades ning\u00fan ni\u00f1o es malo sino que pueden pasar por alguna \u00e9poca en la que estas actitudes est\u00e1n m\u00e1s presentes.<\/p>\n<p style=\"text-align:justify;\">Desde la Escoleta del Colegio Santa Ana trabajamos las emociones para intentar que ellos mismos puedan expresar lo que sienten d\u00eda a d\u00eda y de esta forma tengan la oportunidad de comunicarse verbalmente antes de lanzar alg\u00fan manotazo o mordisco.<\/p>\n<p style=\"text-align:justify;\">No nos gusta etiquetar ni que los pap\u00e1s etiquet\u00e9is a los ni\u00f1os de \u201cmalos\u201d o \u201cpegones\u201d por eso intentad evitar preguntar qui\u00e9n ha sido cuando encontr\u00e9is alg\u00fan caso. Los corrillos entre papis criticando a alg\u00fan ni\u00f1o\/a no hacen ning\u00fan bien.<\/p>\n<p style=\"text-align:justify;\">Recordad que vuestros hijos\/as son vuestro reflejo y que muchas actitudes las imitar\u00e1n del adulto. As\u00ed que cuando ve\u00e1is que pegan o muerden no deb\u00e9is re\u00f1irlos peg\u00e1ndoles sino explic\u00e1ndoles de forma firme pero afectuosa que eso no se debe hacer. Os aconsejamos que transmit\u00e1is de manera sencilla vuestros mensajes justo despu\u00e9s de que hayan realizado las acciones ya que cuando pasa mucho tiempo despu\u00e9s los peques ya no recordar\u00e1n porqu\u00e9 les est\u00e1is diciendo eso. Cuando os avisamos de que vuestro\/a hijo\/a ha pegado en el cole es s\u00f3lo para que qued\u00e9is informados, no hace falta que les volv\u00e1is a explicar nada. Nos encanta que les dig\u00e1is que en la Escoleta se dan muchos besos y abrazos a sus amigos ya que intentamos que este sea un espacio de paz y amor.<\/p>\n<p style=\"text-align:justify;\">En el siguiente enlace del club de Malasmadres nos cuentan algunos consejitos muy interesantes al respecto.<\/p>\n<p style=\"text-align:justify;\"><a href=\"http:\/\/clubdemalasmadres.com\/que-hacer-cuando-el-buenhijo-muerde-o-pega\/\">http:\/\/clubdemalasmadres.com\/que-hacer-cuando-el-buenhijo-muerde-o-pega\/<\/a><\/p>\n","protected":false},"excerpt":{"rendered":"<p>Desde el a\u00f1o hasta los tres o cuatro a\u00f1os podemos encontrar que nuestro hijo pega a alg\u00fan otro ni\u00f1o\/a o incluso a nosotros o que tambi\u00e9n da bocados a otras personas. Esta conducta es bastante habitual entre estas edades y significa que nuestro beb\u00e9 est\u00e1 madurando y ganando autonom\u00eda. Cuando los peques pegan o muerden&#8230; <\/p>\n<div class=\"link-more\"><a href=\"https:\/\/www.santaanaalcoi.es\/?p=969\">Lea m\u00e1s<\/a><\/div>\n","protected":false},"author":3,"featured_media":976,"comment_status":"open","ping_status":"open","sticky":false,"template":"","format":"standard","meta":{"_jetpack_memberships_contains_paid_content":false,"footnotes":""},"categories":[1],"tags":[],"class_list":["post-969","post","type-post","status-publish","format-standard","has-post-thumbnail","hentry","category-sin-categoria"],"jetpack_featured_media_url":"https:\/\/www.santaanaalcoi.es\/wp-content\/uploads\/2016\/10\/malasmadres_morder1.png","jetpack_sharing_enabled":true,"_links":{"self":[{"href":"https:\/\/www.santaanaalcoi.es\/index.php?rest_route=\/wp\/v2\/posts\/969","targetHints":{"allow":["GET"]}}],"collection":[{"href":"https:\/\/www.santaanaalcoi.es\/index.php?rest_route=\/wp\/v2\/posts"}],"about":[{"href":"https:\/\/www.santaanaalcoi.es\/index.php?rest_route=\/wp\/v2\/types\/post"}],"author":[{"embeddable":true,"href":"https:\/\/www.santaanaalcoi.es\/index.php?rest_route=\/wp\/v2\/users\/3"}],"replies":[{"embeddable":true,"href":"https:\/\/www.santaanaalcoi.es\/index.php?rest_route=%2Fwp%2Fv2%2Fcomments&post=969"}],"version-history":[{"count":0,"href":"https:\/\/www.santaanaalcoi.es\/index.php?rest_route=\/wp\/v2\/posts\/969\/revisions"}],"wp:featuredmedia":[{"embeddable":true,"href":"https:\/\/www.santaanaalcoi.es\/index.php?rest_route=\/wp\/v2\/media\/976"}],"wp:attachment":[{"href":"https:\/\/www.santaanaalcoi.es\/index.php?rest_route=%2Fwp%2Fv2%2Fmedia&parent=969"}],"wp:term":[{"taxonomy":"category","embeddable":true,"href":"https:\/\/www.santaanaalcoi.es\/index.php?rest_route=%2Fwp%2Fv2%2Fcategories&post=969"},{"taxonomy":"post_tag","embeddable":true,"href":"https:\/\/www.santaanaalcoi.es\/index.php?rest_route=%2Fwp%2Fv2%2Ftags&post=969"}],"curies":[{"name":"wp","href":"https:\/\/api.w.org\/{rel}","templated":true}]}}