{"id":941,"date":"2016-10-13T07:25:04","date_gmt":"2016-10-13T07:25:04","guid":{"rendered":"https:\/\/santaanaalcoiweb.wordpress.com\/?p=941"},"modified":"2016-10-13T07:25:04","modified_gmt":"2016-10-13T07:25:04","slug":"campana-domund-2016-sal-de-tu-tierra","status":"publish","type":"post","link":"https:\/\/www.santaanaalcoi.es\/?p=941","title":{"rendered":"Campa\u00f1a Domund 2016: \u00abSal de tu tierra\u00bb"},"content":{"rendered":"<p style=\"text-align:justify;\">Un a\u00f1o m\u00e1s hemos dado comienzo a la campa\u00f1a del Domund 2016, que siempre se inicia en nuestro Colegio por estas fechas, y que finaliza el 23 de Octubre.\u00a0Intentamos recaudar fondos para aquellos que realmente est\u00e1n muy necesitados, y que por desgracia necesitan de nuestra ayuda para poder subsistir en pa\u00edses subdesarrollados.<\/p>\n<p style=\"text-align:justify;\">Todos habr\u00e9is recibido unos sobres con la imagen de la campa\u00f1a del Domund, con los que podr\u00e9is aportar aquella cantidad econ\u00f3mica que cre\u00e1is oportuna, y que desde el centro haremos llegar a esa gente que tanto lo necesita.<\/p>\n<p style=\"text-align:justify;\">El lema de este a\u00f1o, recuerda unas palabras del Papa Francisco, que os invitamos a conocer y a reflexionar:<\/p>\n<h2 style=\"text-align:justify;\">\u00abSAL DE TU TIERRA\u00bb LEMA DEL DOMUND 2016<\/h2>\n<p style=\"text-align:justify;\"><b><strong>\u201cSal&#8230;<\/strong><\/b> Es la invitaci\u00f3n que nos hace el Papa Francisco a salir de nosotros mismos, de nuestras fronteras y de la propia comodidad, para, como disc\u00edpulos misioneros, poner al servicio de los dem\u00e1s los propios talentos y nuestra creatividad, sabidur\u00eda y experiencia. Es una salida que implica un env\u00edo y un destino.<\/p>\n<p style=\"text-align:justify;\"><b><strong>&#8230; de tu tierra\u201d<\/strong><\/b> La expresi\u00f3n resulta evocadora del origen del que parte el misionero que es enviado a la misi\u00f3n, y tambi\u00e9n del destino al que llega. La misi\u00f3n ad gentes es universal y no tiene fronteras. Solo quedan excluidos aquellos \u00e1mbitos que rechazan al misionero. Aun as\u00ed, tambi\u00e9n en ellos se hace presente con su esp\u00edritu y su fuerza.<\/p>\n<p style=\"text-align:justify;\">Desde el Colegio Santa Ana os animamos a aportar vuestro peque\u00f1o granito de arena, que al llegar a estas familias se transformar\u00e1 en una enorme alegr\u00eda.<\/p>\n","protected":false},"excerpt":{"rendered":"<p>Un a\u00f1o m\u00e1s hemos dado comienzo a la campa\u00f1a del Domund 2016, que siempre se inicia en nuestro Colegio por estas fechas, y que finaliza el 23 de Octubre.\u00a0Intentamos recaudar fondos para aquellos que realmente est\u00e1n muy necesitados, y que por desgracia necesitan de nuestra ayuda para poder subsistir en pa\u00edses subdesarrollados. Todos habr\u00e9is recibido&#8230; <\/p>\n<div class=\"link-more\"><a href=\"https:\/\/www.santaanaalcoi.es\/?p=941\">Lea m\u00e1s<\/a><\/div>\n","protected":false},"author":3,"featured_media":956,"comment_status":"open","ping_status":"open","sticky":false,"template":"","format":"standard","meta":{"_jetpack_memberships_contains_paid_content":false,"footnotes":""},"categories":[1],"tags":[],"class_list":["post-941","post","type-post","status-publish","format-standard","has-post-thumbnail","hentry","category-sin-categoria"],"jetpack_featured_media_url":"https:\/\/www.santaanaalcoi.es\/wp-content\/uploads\/2016\/10\/cartel-domund-2016-sal-de-tu-tierra.jpg","jetpack_sharing_enabled":false,"_links":{"self":[{"href":"https:\/\/www.santaanaalcoi.es\/index.php?rest_route=\/wp\/v2\/posts\/941","targetHints":{"allow":["GET"]}}],"collection":[{"href":"https:\/\/www.santaanaalcoi.es\/index.php?rest_route=\/wp\/v2\/posts"}],"about":[{"href":"https:\/\/www.santaanaalcoi.es\/index.php?rest_route=\/wp\/v2\/types\/post"}],"author":[{"embeddable":true,"href":"https:\/\/www.santaanaalcoi.es\/index.php?rest_route=\/wp\/v2\/users\/3"}],"replies":[{"embeddable":true,"href":"https:\/\/www.santaanaalcoi.es\/index.php?rest_route=%2Fwp%2Fv2%2Fcomments&post=941"}],"version-history":[{"count":0,"href":"https:\/\/www.santaanaalcoi.es\/index.php?rest_route=\/wp\/v2\/posts\/941\/revisions"}],"wp:featuredmedia":[{"embeddable":true,"href":"https:\/\/www.santaanaalcoi.es\/index.php?rest_route=\/wp\/v2\/media\/956"}],"wp:attachment":[{"href":"https:\/\/www.santaanaalcoi.es\/index.php?rest_route=%2Fwp%2Fv2%2Fmedia&parent=941"}],"wp:term":[{"taxonomy":"category","embeddable":true,"href":"https:\/\/www.santaanaalcoi.es\/index.php?rest_route=%2Fwp%2Fv2%2Fcategories&post=941"},{"taxonomy":"post_tag","embeddable":true,"href":"https:\/\/www.santaanaalcoi.es\/index.php?rest_route=%2Fwp%2Fv2%2Ftags&post=941"}],"curies":[{"name":"wp","href":"https:\/\/api.w.org\/{rel}","templated":true}]}}