{"id":919,"date":"2016-10-06T07:21:35","date_gmt":"2016-10-06T07:21:35","guid":{"rendered":"https:\/\/santaanaalcoiweb.wordpress.com\/?p=919"},"modified":"2016-10-06T07:21:35","modified_gmt":"2016-10-06T07:21:35","slug":"lema-curso-1617-sabed-que-yo-estoy-con-vosotros-mt-2820","status":"publish","type":"post","link":"https:\/\/www.santaanaalcoi.es\/?p=919","title":{"rendered":"Lema Curso 16\/17: \u00abSabed que yo estoy con vosotros\u00bb Mt 28,20"},"content":{"rendered":"<p style=\"text-align:justify;\"><strong><img loading=\"lazy\" decoding=\"async\" class=\"alignnone size-full wp-image-930\" src=\"https:\/\/santaanaalcoiweb.wordpress.com\/wp-content\/uploads\/2016\/10\/lema-imagen-16-17.png\" alt=\"lema-imagen-16-17\" width=\"1224\" height=\"408\" srcset=\"https:\/\/www.santaanaalcoi.es\/wp-content\/uploads\/2016\/10\/lema-imagen-16-17.png 1224w, https:\/\/www.santaanaalcoi.es\/wp-content\/uploads\/2016\/10\/lema-imagen-16-17-300x100.png 300w, https:\/\/www.santaanaalcoi.es\/wp-content\/uploads\/2016\/10\/lema-imagen-16-17-1024x341.png 1024w, https:\/\/www.santaanaalcoi.es\/wp-content\/uploads\/2016\/10\/lema-imagen-16-17-768x256.png 768w\" sizes=\"auto, (max-width: 1224px) 100vw, 1224px\" \/>\u00abSabed que yo estoy con vosotros\u00bb Mt 28,20<\/strong><\/p>\n<p style=\"text-align:justify;\">Hemos extra\u00eddo esta cita del <strong>Plan Pastoral de la conferencia Episcopal Espa\u00f1ola 2016-2020 <\/strong>\u2013 <strong>\u201c<em>IGLESIA EN MISI\u00d3N AL SERVICIO DE NUESTRO PUEBLO<\/em><\/strong>\u201d.<\/p>\n<p style=\"text-align:justify;\">Con motivo del comienzo de curso y la llegada de nuestro nuevo lema, hemos actualizado toda la informaci\u00f3n en el apartado Pastoral de nuestra web.<\/p>\n<p style=\"text-align:justify;\"><strong><u>CONTEXTO DEL LEMA<\/u><\/strong><\/p>\n<p style=\"text-align:justify;\">La cita del evangelio, que durante el presente curso centrar\u00e1 la acci\u00f3n pastoral, son las \u00faltimas palabras del evangelio de Mateo. Jes\u00fas resucitado se aparece a las mujeres y les dice: \u201cNo teng\u00e1is miedo. Id y avisad a mis hermanos que vayan a Galilea, all\u00ed me ver\u00e1n\u201d Mt 28, 10.<\/p>\n<p style=\"text-align:justify;\">\u201cPor su parte, los once disc\u00edpulos marcharon a Galilea, al monte que Jes\u00fas les hab\u00eda indicado, y al verle le adoraron; algunos sin embargo dudaron. Jes\u00fas se acerc\u00f3 a ellos y les habl\u00f3 as\u00ed: \u00abMe ha sido dado todo poder en el cielo y en la tierra. Id, pues, y haced disc\u00edpulos a todas las gentes bautiz\u00e1ndolas en el nombre del Padre y del Hijo y del Esp\u00edritu Santo y ense\u00f1\u00e1ndoles a guardar todo lo que yo os he mandado. <strong>Y he aqu\u00ed que yo estoy con vosotros todos los d\u00edas hasta el fin del mundo<\/strong>.\u00bb\u201d Mt 28, 16-20.<\/p>\n<p style=\"text-align:justify;\">Jes\u00fas, tras recordar a los disc\u00edpulos que \u00c9l es Todopoderoso, les anuncia la misi\u00f3n universal: <strong>Id, pues, y haced disc\u00edpulos<\/strong>, la misma misi\u00f3n que hoy nosotros tenemos como escuela cat\u00f3lica, como Colegios Diocesanos: que nuestros alumnos conozcan a Jesucristo y se descubran profundamente amados por Dios Padre.<\/p>\n<p style=\"text-align:justify;\">Sabiendo Jes\u00fas de la dificultad de la misi\u00f3n que est\u00e1 mandando les dice: <strong>Y he aqu\u00ed que yo estoy con vosotros todos los d\u00edas hasta el fin del mundo.<\/strong><\/p>\n<p style=\"text-align:justify;\"><strong>\u00a0<\/strong>Eso mismo nos recuerda hoy y cada d\u00eda a nosotros, en nuestra misi\u00f3n educativa y en nuestra vida personal, en cada acontecimiento.<strong> Sabed que yo estoy con vosotros.<\/strong><\/p>\n<p style=\"text-align:justify;\"><strong>\u00a0<\/strong><strong><u>INTERPRETACI\u00d3N DE LA LONA<\/u><\/strong><\/p>\n<p style=\"text-align:justify;\"><strong><u>\u00a0<\/u><\/strong>En la lona vemos a Jes\u00fas esper\u00e1ndonos a la entrada del colegio y por su gesto, con algo o mucho que decirnos por medio <strong>de la Palabra<\/strong>.<\/p>\n<p style=\"text-align:justify;\">Jes\u00fas est\u00e1 en el colegio y los alumnos, los profesores, el personal no docente, las familias, nos encontramos con \u00c9l, le vamos a escuchar, le vamos a conocer y nos vamos a alimentar de \u00c9l.<\/p>\n<p style=\"text-align:justify;\">Enfatizamos a: \u201cJes\u00fas Palabra\u201d y \u201cJes\u00fas <em>Eucarist\u00eda<\/em>\u201d (el \u201cYo\u201d del lema aparece en la \u201cforma eucar\u00edstica\u201d), alimento que nos ayuda a crecer f\u00edsica, psicol\u00f3gica y espiritualmente.<\/p>\n<p style=\"text-align:justify;\">Adem\u00e1s, en el colegio, el alumno encuentra modelos adecuados que le ayudan a crecer como hijo de Dios. (Estos modelos somos nosotros, los profesores, los tutores, los titulares,\u2026 y los santos que les damos a conocer y que desde el colegio les proponemos)<\/p>\n<p style=\"text-align:justify;\">En la imagen vemos a los alumnos que entran corriendo al colegio, es esa necesidad de encuentro la que dinamiza, pone en movimiento a los alumnos y tambi\u00e9n a nosotros los adultos.<\/p>\n<p style=\"text-align:justify;\">Los alumnos con sus mochilas llenas de experiencias, de necesidades, de realidades de vida necesitadas de luz, de discernimiento, entran en la escuela. Incluso algunos pueden creer que sus mochilas est\u00e1n vac\u00edas, piensan que su vida no es importante, que ellos no son importantes, viven una vida sin sentido.<\/p>\n<p style=\"text-align:justify;\">NUESTRA MISI\u00d3N: Hacer del colegio un espacio de encuentro con Jes\u00fas, donde los alumnos puedan descubrir, conocer m\u00e1s, relacionarse con Jes\u00fas y descubrirse hijos de Dios y seres amados profundamente por \u00c9l. De este modo se cumple la finalidad para la que fueron creados los Colegios Diocesano \u2013 ser instrumento privilegiado de evangelizaci\u00f3n de ni\u00f1os y j\u00f3venes. Tambi\u00e9n nosotros los adultos el colegio es lugar de encuentro con Jesucristo.<\/p>\n<p style=\"text-align:justify;\">De este modo los ni\u00f1os, los j\u00f3venes y los adultos que formamos parte del colegio caminamos guiados por la Palabra de Dios, alimentados por la Eucarist\u00eda, fortalecidos por los sacramentos; encontramos respuesta a nuestras inquietudes, descubrimos sentido a los acontecimientos, &#8211; respuestas y sentido &#8211; que proceden de Dios.<\/p>\n<p style=\"text-align:justify;\">Estos mismos alumnos que viven y crecen tambi\u00e9n dentro del colegio y que dar\u00e1n frutos en sus familias y en la sociedad, para ser felices necesitan a Cristo en sus vidas y nosotros tenemos en esto una gran misi\u00f3n \u2013 La Nueva Evangelizaci\u00f3n.<\/p>\n<p style=\"text-align:justify;\"><strong>\u00a0<\/strong>\u00a1\u00c1nimo! \u00a1Buen curso!<\/p>\n<p style=\"text-align:justify;\">Un saludo<\/p>\n","protected":false},"excerpt":{"rendered":"<p>\u00abSabed que yo estoy con vosotros\u00bb Mt 28,20 Hemos extra\u00eddo esta cita del Plan Pastoral de la conferencia Episcopal Espa\u00f1ola 2016-2020 \u2013 \u201cIGLESIA EN MISI\u00d3N AL SERVICIO DE NUESTRO PUEBLO\u201d. Con motivo del comienzo de curso y la llegada de nuestro nuevo lema, hemos actualizado toda la informaci\u00f3n en el apartado Pastoral de nuestra web&#8230;. <\/p>\n<div class=\"link-more\"><a href=\"https:\/\/www.santaanaalcoi.es\/?p=919\">Lea m\u00e1s<\/a><\/div>\n","protected":false},"author":3,"featured_media":933,"comment_status":"open","ping_status":"open","sticky":false,"template":"","format":"standard","meta":{"_jetpack_memberships_contains_paid_content":false,"footnotes":""},"categories":[1],"tags":[],"class_list":["post-919","post","type-post","status-publish","format-standard","has-post-thumbnail","hentry","category-sin-categoria"],"jetpack_featured_media_url":"https:\/\/www.santaanaalcoi.es\/wp-content\/uploads\/2016\/10\/lema-recortado-imagen-16-17.jpg","jetpack_sharing_enabled":true,"_links":{"self":[{"href":"https:\/\/www.santaanaalcoi.es\/index.php?rest_route=\/wp\/v2\/posts\/919","targetHints":{"allow":["GET"]}}],"collection":[{"href":"https:\/\/www.santaanaalcoi.es\/index.php?rest_route=\/wp\/v2\/posts"}],"about":[{"href":"https:\/\/www.santaanaalcoi.es\/index.php?rest_route=\/wp\/v2\/types\/post"}],"author":[{"embeddable":true,"href":"https:\/\/www.santaanaalcoi.es\/index.php?rest_route=\/wp\/v2\/users\/3"}],"replies":[{"embeddable":true,"href":"https:\/\/www.santaanaalcoi.es\/index.php?rest_route=%2Fwp%2Fv2%2Fcomments&post=919"}],"version-history":[{"count":0,"href":"https:\/\/www.santaanaalcoi.es\/index.php?rest_route=\/wp\/v2\/posts\/919\/revisions"}],"wp:featuredmedia":[{"embeddable":true,"href":"https:\/\/www.santaanaalcoi.es\/index.php?rest_route=\/wp\/v2\/media\/933"}],"wp:attachment":[{"href":"https:\/\/www.santaanaalcoi.es\/index.php?rest_route=%2Fwp%2Fv2%2Fmedia&parent=919"}],"wp:term":[{"taxonomy":"category","embeddable":true,"href":"https:\/\/www.santaanaalcoi.es\/index.php?rest_route=%2Fwp%2Fv2%2Fcategories&post=919"},{"taxonomy":"post_tag","embeddable":true,"href":"https:\/\/www.santaanaalcoi.es\/index.php?rest_route=%2Fwp%2Fv2%2Ftags&post=919"}],"curies":[{"name":"wp","href":"https:\/\/api.w.org\/{rel}","templated":true}]}}