{"id":906,"date":"2016-10-05T08:44:49","date_gmt":"2016-10-05T08:44:49","guid":{"rendered":"https:\/\/santaanaalcoiweb.wordpress.com\/?p=906"},"modified":"2016-10-05T08:44:49","modified_gmt":"2016-10-05T08:44:49","slug":"premiados-concursos-infantiles-mig-any-2016","status":"publish","type":"post","link":"https:\/\/www.santaanaalcoi.es\/?p=906","title":{"rendered":"Premiados Concursos Infantiles \u00abMig Any 2016\u00bb"},"content":{"rendered":"<p>Un gran n\u00famero de alumnos del Colegio Santa Ana de Alcoy han conseguido un premio, un acc\u00e9sit o un diploma, por haber participado en el concurso de dibujo al aire libre, que este pasado Domingo 2 de Octubre ha llenado el Parque de Cervantes.<\/p>\n<p>La Asociaci\u00f3n de Sant Jordi, ha hecho p\u00fablica la lista de los premiados, que pasamos a mencionar. La entrega de premios tendr\u00e1 lugar en la Matinal Infantil, el pr\u00f3ximo Domingo 16 de Octubre.<\/p>\n<ol>\n<li class=\"p1\">PRIMERA CATEGORIA &#8211; Acc\u00e8sit &#8211; HAYDEE ABAD BRAVO<\/li>\n<li class=\"p1\">SECCIO ALEVI &#8211; Primer Premi &#8211; JULIA MARCUELLO P\u00c9REZ<\/li>\n<li class=\"p1\">SECCIO ALEVI &#8211; Segon Premi &#8211; PAULA TRELIS ANDREU<\/li>\n<li class=\"p1\">SECCIO INFANTIL &#8211; Primer Premi &#8211; ALBA TRELIS ANDREU<\/li>\n<li class=\"p1\">SECCIO ALEVI &#8211; Acc\u00e8sit &#8211; CELIA VERD\u00da MART\u00cdNEZ<\/li>\n<li class=\"p1\">SECCIO ALEVI &#8211; Acc\u00e8sit &#8211; AHINARA ESPEJO BERD\u00cdAS<\/li>\n<li class=\"p1\">SECCIO ALEVI &#8211; Acc\u00e8sit &#8211; LAURA SELL\u00c9S P\u00c9REZ<\/li>\n<li class=\"p1\">SECCI\u00d3 ALEV\u00cd &#8211; Primer Premi &#8211; LEYRE MORA LOZANO<\/li>\n<li class=\"p1\">SECCIO INFANTIL &#8211; Segon Premi &#8211; LAURA VALOR MONTES<\/li>\n<li class=\"p1\">SECCIO JUVENIL &#8211; Acc\u00e8sit &#8211; AITANA DONCEL GARC\u00cdA<\/li>\n<li class=\"p1\">SECCI\u00d3 JUVENIL &#8211; Acc\u00e8sit &#8211; H\u00c9CTOR GINER BODI<\/li>\n<li class=\"p1\">TERCERA CATEGORIA &#8211; Acc\u00e8sit &#8211; MIGUEL \u00c1NGEL OCHANDO MOTA<\/li>\n<li class=\"p1\">TERCERA CATEGORIA &#8211; Premi a la T\u00e8cnica &#8211; PAULA DOM\u00cdNGUEZ ESP\u00cd<\/li>\n<\/ol>\n<p>\u00a1ENHORABUENA A TODOS LOS PREMIADOS!<\/p>\n","protected":false},"excerpt":{"rendered":"<p>Un gran n\u00famero de alumnos del Colegio Santa Ana de Alcoy han conseguido un premio, un acc\u00e9sit o un diploma, por haber participado en el concurso de dibujo al aire libre, que este pasado Domingo 2 de Octubre ha llenado el Parque de Cervantes. La Asociaci\u00f3n de Sant Jordi, ha hecho p\u00fablica la lista de&#8230; <\/p>\n<div class=\"link-more\"><a href=\"https:\/\/www.santaanaalcoi.es\/?p=906\">Lea m\u00e1s<\/a><\/div>\n","protected":false},"author":3,"featured_media":907,"comment_status":"open","ping_status":"open","sticky":false,"template":"","format":"standard","meta":{"_jetpack_memberships_contains_paid_content":false,"footnotes":""},"categories":[1],"tags":[],"class_list":["post-906","post","type-post","status-publish","format-standard","has-post-thumbnail","hentry","category-sin-categoria"],"jetpack_featured_media_url":"https:\/\/www.santaanaalcoi.es\/wp-content\/uploads\/2016\/10\/asj-32.jpg","jetpack_sharing_enabled":true,"_links":{"self":[{"href":"https:\/\/www.santaanaalcoi.es\/index.php?rest_route=\/wp\/v2\/posts\/906","targetHints":{"allow":["GET"]}}],"collection":[{"href":"https:\/\/www.santaanaalcoi.es\/index.php?rest_route=\/wp\/v2\/posts"}],"about":[{"href":"https:\/\/www.santaanaalcoi.es\/index.php?rest_route=\/wp\/v2\/types\/post"}],"author":[{"embeddable":true,"href":"https:\/\/www.santaanaalcoi.es\/index.php?rest_route=\/wp\/v2\/users\/3"}],"replies":[{"embeddable":true,"href":"https:\/\/www.santaanaalcoi.es\/index.php?rest_route=%2Fwp%2Fv2%2Fcomments&post=906"}],"version-history":[{"count":0,"href":"https:\/\/www.santaanaalcoi.es\/index.php?rest_route=\/wp\/v2\/posts\/906\/revisions"}],"wp:featuredmedia":[{"embeddable":true,"href":"https:\/\/www.santaanaalcoi.es\/index.php?rest_route=\/wp\/v2\/media\/907"}],"wp:attachment":[{"href":"https:\/\/www.santaanaalcoi.es\/index.php?rest_route=%2Fwp%2Fv2%2Fmedia&parent=906"}],"wp:term":[{"taxonomy":"category","embeddable":true,"href":"https:\/\/www.santaanaalcoi.es\/index.php?rest_route=%2Fwp%2Fv2%2Fcategories&post=906"},{"taxonomy":"post_tag","embeddable":true,"href":"https:\/\/www.santaanaalcoi.es\/index.php?rest_route=%2Fwp%2Fv2%2Ftags&post=906"}],"curies":[{"name":"wp","href":"https:\/\/api.w.org\/{rel}","templated":true}]}}