{"id":879,"date":"2016-09-25T20:25:52","date_gmt":"2016-09-25T20:25:52","guid":{"rendered":"https:\/\/santaanaalcoiweb.wordpress.com\/?p=879"},"modified":"2016-09-25T20:25:52","modified_gmt":"2016-09-25T20:25:52","slug":"dia-europeo-de-las-lenguas","status":"publish","type":"post","link":"https:\/\/www.santaanaalcoi.es\/?p=879","title":{"rendered":"D\u00eda Europeo de las Lenguas"},"content":{"rendered":"<p style=\"text-align:justify;\">Este a\u00f1o Europa ha dado la bienvenida al Colegio Santa Ana de Alcoy, al concederle un documento important\u00edsimo como es el \u00abPortfolio de las Lenguas\u00bb, dando un gran salto de calidad del cual se ver\u00e1n beneficiados los\u00a0alumnos\/as.<\/p>\n<p style=\"text-align:justify;\">El 26 de septiembre de 2001\u00a0fue proclamado por el <a title=\"Consejo de Europa\" href=\"https:\/\/es.wikipedia.org\/wiki\/Consejo_de_Europa\">Consejo de Europa<\/a> con el apoyo de la <a title=\"Uni\u00f3n Europea\" href=\"https:\/\/es.wikipedia.org\/wiki\/Uni%C3%B3n_Europea\">Uni\u00f3n Europea<\/a>, el <b>D\u00eda Europeo de las Lenguas.<\/b>\u00a0Su principal objetivo es fomentar el aprendizaje de idiomas en toda Europa, tanto en j\u00f3venes como en ancianos.<\/p>\n<p style=\"text-align:justify;\">En este d\u00eda se organizan una serie de eventos en toda Europa, actividades para ni\u00f1os, programas de radio y televisi\u00f3n, clases de idiomas y conferencias. Y como no, desde el Colegio Santa Ana de Alcoy, nos hemos unido a esta m\u00e1s que interesante propuesta.<\/p>\n<p style=\"text-align:justify;\">La Consejer\u00eda de Educaci\u00f3n propone que desde nuestro centro educativo realicemos alguna actividad para mostrar a los alumnos y alumnas la importancia de conocer y utilizar las diferentes lenguas que se hablan tanto en nuestro territorio como en Europa.<\/p>\n<p style=\"text-align:justify;\">La actividad que desde el Equipo de Pluriling\u00fcismo (Departamento de Lenguas) se ha propuesto\u00a0es la siguiente:<\/p>\n<p style=\"text-align:justify;\"><em><strong><span style=\"color:#ff0000;\">\u201cDEJA TU HUELLA EN EL MUNDO\u201d<\/span><\/strong><\/em><\/p>\n<p style=\"text-align:justify;\">Confeccionaremos un mural con papel continuo en el que plasmaremos, con un rotulador grueso, la silueta del MAPAMUNDI. Todos los alumnos del centro, divididos por niveles educativos, estampar\u00e1n su huella dentro de este mapa siguiendo un c\u00f3digo de color determinado para cada lengua y escribir\u00e1n su nombre sobre la huella.<\/p>\n<p style=\"text-align:justify;\">El objetivo de esta actividad es que los alumnos\/as aprendan en que pa\u00edses se habla cada una de las lenguas que se imparten en el centro escolar: castellano, ingl\u00e9s, franc\u00e9s y catal\u00e1n (valenciano). Es muy importante, adem\u00e1s, resaltar\u00a0la importancia y riqueza de ser pluriling\u00fces y europeos.<\/p>\n","protected":false},"excerpt":{"rendered":"<p>Este a\u00f1o Europa ha dado la bienvenida al Colegio Santa Ana de Alcoy, al concederle un documento important\u00edsimo como es el \u00abPortfolio de las Lenguas\u00bb, dando un gran salto de calidad del cual se ver\u00e1n beneficiados los\u00a0alumnos\/as. El 26 de septiembre de 2001\u00a0fue proclamado por el Consejo de Europa con el apoyo de la Uni\u00f3n&#8230; <\/p>\n<div class=\"link-more\"><a href=\"https:\/\/www.santaanaalcoi.es\/?p=879\">Lea m\u00e1s<\/a><\/div>\n","protected":false},"author":3,"featured_media":897,"comment_status":"open","ping_status":"open","sticky":false,"template":"","format":"standard","meta":{"_jetpack_memberships_contains_paid_content":false,"footnotes":""},"categories":[1],"tags":[],"class_list":["post-879","post","type-post","status-publish","format-standard","has-post-thumbnail","hentry","category-sin-categoria"],"jetpack_featured_media_url":"https:\/\/www.santaanaalcoi.es\/wp-content\/uploads\/2016\/09\/dia-europeo-lenguas.jpg","jetpack_sharing_enabled":true,"_links":{"self":[{"href":"https:\/\/www.santaanaalcoi.es\/index.php?rest_route=\/wp\/v2\/posts\/879","targetHints":{"allow":["GET"]}}],"collection":[{"href":"https:\/\/www.santaanaalcoi.es\/index.php?rest_route=\/wp\/v2\/posts"}],"about":[{"href":"https:\/\/www.santaanaalcoi.es\/index.php?rest_route=\/wp\/v2\/types\/post"}],"author":[{"embeddable":true,"href":"https:\/\/www.santaanaalcoi.es\/index.php?rest_route=\/wp\/v2\/users\/3"}],"replies":[{"embeddable":true,"href":"https:\/\/www.santaanaalcoi.es\/index.php?rest_route=%2Fwp%2Fv2%2Fcomments&post=879"}],"version-history":[{"count":0,"href":"https:\/\/www.santaanaalcoi.es\/index.php?rest_route=\/wp\/v2\/posts\/879\/revisions"}],"wp:featuredmedia":[{"embeddable":true,"href":"https:\/\/www.santaanaalcoi.es\/index.php?rest_route=\/wp\/v2\/media\/897"}],"wp:attachment":[{"href":"https:\/\/www.santaanaalcoi.es\/index.php?rest_route=%2Fwp%2Fv2%2Fmedia&parent=879"}],"wp:term":[{"taxonomy":"category","embeddable":true,"href":"https:\/\/www.santaanaalcoi.es\/index.php?rest_route=%2Fwp%2Fv2%2Fcategories&post=879"},{"taxonomy":"post_tag","embeddable":true,"href":"https:\/\/www.santaanaalcoi.es\/index.php?rest_route=%2Fwp%2Fv2%2Ftags&post=879"}],"curies":[{"name":"wp","href":"https:\/\/api.w.org\/{rel}","templated":true}]}}