{"id":861,"date":"2016-09-21T10:49:34","date_gmt":"2016-09-21T10:49:34","guid":{"rendered":"https:\/\/santaanaalcoiweb.wordpress.com\/?p=861"},"modified":"2016-09-21T10:49:34","modified_gmt":"2016-09-21T10:49:34","slug":"las-normas-que-todo-grupo-de-whatsapp-de-padres-deberia-seguir","status":"publish","type":"post","link":"https:\/\/www.santaanaalcoi.es\/?p=861","title":{"rendered":"Las normas que todo grupo de Whatsapp de padres deber\u00eda seguir"},"content":{"rendered":"<p style=\"text-align:justify;\">Con el inicio del curso escolar y las guarder\u00edas, colegios, institutos y academias a pleno rendimiento, los grupos de Whatsapp de padres empiezan a echar humo. Estos puntos de encuentro se han convertido en un buen aliado para numerosos padres, pero tambi\u00e9n pueden ser un foco de conflictos. De hecho, hay progenitores que renuncian a formar parte de ellos y prefieren una v\u00eda de comunicaci\u00f3n m\u00e1s convencional, ya sea el cara a cara o la tradicional nota en la mochila.<\/p>\n<p style=\"text-align:justify;\">Mensajes que se malinterpretan, que llegan a horas intempestivas o que abordan asuntos que nada tienen que ver con el \u00e1mbito acad\u00e9mico, fotograf\u00edas o v\u00eddeos que se difunden sin autorizaci\u00f3n paterna, discusiones por temas escolares (o no), padres saturados de informaci\u00f3n que dejan de leer ante un bombardeo constante de mensajes que hacen que se pierda el objetivo inicial del grupo&#8230; Es el d\u00eda a d\u00eda de muchos de los grupos de familias en los que normalmente no existe ning\u00fan tipo de norma (escrita o no) que evite estas problem\u00e1ticas. A partir de las recomendaciones de la psic\u00f3loga experta en habilidades sociales y de comunicaci\u00f3n Estefan\u00eda Villanueva, del Centro de Psicolog\u00eda Dconsultas; y la abogada especializada en protecci\u00f3n de datos Vanesa Cuquejo (<a href=\"http:\/\/lopddirecta.es\/\">http:\/\/lopddirecta.es\/<\/a>), se\u00a0ha elaborado una propuesta de normas que todo grupo de padres deber\u00eda tomar como referencia para que el curso escolar transcurra con la mayor normalidad posible en este particular &#8216;patio de recreo de los mayores&#8217;.<\/p>\n<p class=\"compLadillo\" style=\"text-align:justify;\">Propuesta de normas para grupos de padres<\/p>\n<p style=\"text-align:justify;\">1-Este grupo ha sido creado para compartir informaci\u00f3n. El objetivo com\u00fan debe ser la ayuda entre padres acerca de los intereses de los ni\u00f1os, el bienestar de estos mismos en el colegio y la comunicaci\u00f3n fluida entre los miembros. No se abordar\u00e1n temas que no sean estrictamente educativos. Si quieres pertenecer a este grupo te rogamos que leas atentamente las normas. Si una vez le\u00eddas est\u00e1s de acuerdo y quieres participar, esperamos que te sea de ayuda y que disfrutes de tu &#8216;estancia&#8217; en \u00e9l.<\/p>\n<p style=\"text-align:justify;\">2-No se permiten insultos o faltas de respeto a otros miembros.<\/p>\n<p style=\"text-align:justify;\">3-No se permite publicidad de ning\u00fan tipo, ni la venta de productos o servicios.<\/p>\n<p style=\"text-align:justify;\">4-Cuando, tras hacer una consulta, un miembro considere que ya no necesita nada m\u00e1s al respecto, deber\u00e1 poner un signo de \u2026&#8230;&#8230;.. (elegir emoticono) o escribir &#8216;Stop&#8217;.<\/p>\n<p style=\"text-align:justify;\">5- No se utilizar\u00e1n abreviaturas ni emoticonos repetidos o fuera de lugar. Usar el lenguaje escrito de manera correcta para evitar las interpretaciones o confusiones.<\/p>\n<p style=\"text-align:justify;\">6-Se utilizar\u00e1 un lenguaje de emoticonos definido previamente para apoyar los mensajes, de tal manera que:<\/p>\n<p style=\"text-align:justify;\">-Dedo hacia arriba: Estoy de acuerdo<\/p>\n<p style=\"text-align:justify;\">-Dedo hacia abajo: No estoy de acuerdo<\/p>\n<p style=\"text-align:justify;\">-Sonrisa: Me gusta<\/p>\n<p style=\"text-align:justify;\">-Mano alzada: Quiero hacer una pregunta<\/p>\n<p style=\"text-align:justify;\">-etc. (a gusto de los miembros)<\/p>\n<p style=\"text-align:justify;\">7-No lanzar rumores<\/p>\n<p style=\"text-align:justify;\">8-Se establecer\u00e1n una serie de hilos (tipo hashtag) sobre temas importantes de los que hablar, facilitando en la opci\u00f3n de &#8216;buscar&#8217; todas las respuestas referentes a ese tema y as\u00ed organizar la informaci\u00f3n cuando haya que votar o decidir algo. Por ejemplo:<\/p>\n<p style=\"text-align:justify;\">#fiestanavidaddisfraces<\/p>\n<p style=\"text-align:justify;\">#regalose\u00f1o<\/p>\n<p style=\"text-align:justify;\">#examen1709<\/p>\n<p style=\"text-align:justify;\">9-Quedan prohibidas las informaciones o comentarios expresos sobre los menores que atenten contra su privacidad y\/o puedan suponer un perjuicio para ellos.<\/p>\n<p style=\"text-align:justify;\">10-No se permite el env\u00edo de fotograf\u00edas o v\u00eddeos sin el consentimiento previo de todos los padres.<\/p>\n<p style=\"text-align:justify;\">11-Se establece un horario de uso del grupo, de xxxxx horas a xxxx horas, excepto urgencias.<\/p>\n<p style=\"text-align:justify;\">12-No se agregar\u00e1 al grupo a ning\u00fan usuario cuya identidad no resulte clara<\/p>\n<p style=\"text-align:justify;\">13-Se bloquear\u00e1 inmediatamente a cualquier persona desconocida que se agregue al grupo.<\/p>\n<p style=\"text-align:justify;\">14-No se revelar\u00e1n datos personales o de terceros en los mensajes, y mucho menos si son de menores, salvo que alg\u00fan motivo lo justifique especialmente. Por datos personales se debe entender, entre otros, los siguientes:<\/p>\n<p style=\"text-align:justify;\">-Nombre y apellidos<\/p>\n<p style=\"text-align:justify;\">-DNI<\/p>\n<p style=\"text-align:justify;\">-Domicilio<\/p>\n<p style=\"text-align:justify;\">-N\u00fameros de tel\u00e9fono<\/p>\n<p style=\"text-align:justify;\">-Fotograf\u00eda y v\u00eddeos que permitan identificar al menor, ya sea porque se le vea directamente la cara o porque se pueda reconocer al mismo por alg\u00fan otro detalle f\u00edsico o incluso por el entorno en que se encuentra.<\/p>\n<p style=\"text-align:justify;\">15-Los mayores de catorce a\u00f1os tienen derecho a decidir sobre el tratamiento de sus datos, por tanto, deben autorizar el uso que de los mismos hagan sus padres (al compartir sus fotos, por ejemplo, en un grupo de Whatsapp o en Facebook).<\/p>\n<p style=\"text-align:justify;\">16-Nunca se deben compartir fotos de menores desnudos<\/p>\n<p style=\"text-align:justify;\">17-Hay que evitar la publicaci\u00f3n en el grupo de fotos en las que se pueda identificar a otros menores o a cualquier otra persona mayor de edad que no haya consentido expresamente la utilizaci\u00f3n de su imagen para su difusi\u00f3n en el grupo.<\/p>\n<p style=\"text-align:justify;\">18-No se permite la recomendaci\u00f3n de medicamentos. S\u00f3lo se informar\u00e1 del calendario vacunal y\/o acciones relacionadas con la salud de nuestros hijos.<\/p>\n<p style=\"text-align:justify;\">19-Conviene recordar a los miembros del grupo que los dispositivos donde se instale y utilice el Whatsapp deber\u00e1n contar con acceso mediante contrase\u00f1a segura, que no debe compartirse con terceros. Estos dispositivos deben configurarse de manera que se bloqueen y soliciten dicha contrase\u00f1a al quedar inactivos, para evitar que en un momento de distracci\u00f3n alguien pueda acceder a nuestro Whatsapp.<\/p>\n","protected":false},"excerpt":{"rendered":"<p>Con el inicio del curso escolar y las guarder\u00edas, colegios, institutos y academias a pleno rendimiento, los grupos de Whatsapp de padres empiezan a echar humo. Estos puntos de encuentro se han convertido en un buen aliado para numerosos padres, pero tambi\u00e9n pueden ser un foco de conflictos. De hecho, hay progenitores que renuncian a&#8230; <\/p>\n<div class=\"link-more\"><a href=\"https:\/\/www.santaanaalcoi.es\/?p=861\">Lea m\u00e1s<\/a><\/div>\n","protected":false},"author":3,"featured_media":865,"comment_status":"open","ping_status":"open","sticky":false,"template":"","format":"standard","meta":{"_jetpack_memberships_contains_paid_content":false,"footnotes":""},"categories":[1],"tags":[],"class_list":["post-861","post","type-post","status-publish","format-standard","has-post-thumbnail","hentry","category-sin-categoria"],"jetpack_featured_media_url":"https:\/\/www.santaanaalcoi.es\/wp-content\/uploads\/2016\/09\/whatsapp2-960x6231-960x623-1.jpg","jetpack_sharing_enabled":true,"_links":{"self":[{"href":"https:\/\/www.santaanaalcoi.es\/index.php?rest_route=\/wp\/v2\/posts\/861","targetHints":{"allow":["GET"]}}],"collection":[{"href":"https:\/\/www.santaanaalcoi.es\/index.php?rest_route=\/wp\/v2\/posts"}],"about":[{"href":"https:\/\/www.santaanaalcoi.es\/index.php?rest_route=\/wp\/v2\/types\/post"}],"author":[{"embeddable":true,"href":"https:\/\/www.santaanaalcoi.es\/index.php?rest_route=\/wp\/v2\/users\/3"}],"replies":[{"embeddable":true,"href":"https:\/\/www.santaanaalcoi.es\/index.php?rest_route=%2Fwp%2Fv2%2Fcomments&post=861"}],"version-history":[{"count":0,"href":"https:\/\/www.santaanaalcoi.es\/index.php?rest_route=\/wp\/v2\/posts\/861\/revisions"}],"wp:featuredmedia":[{"embeddable":true,"href":"https:\/\/www.santaanaalcoi.es\/index.php?rest_route=\/wp\/v2\/media\/865"}],"wp:attachment":[{"href":"https:\/\/www.santaanaalcoi.es\/index.php?rest_route=%2Fwp%2Fv2%2Fmedia&parent=861"}],"wp:term":[{"taxonomy":"category","embeddable":true,"href":"https:\/\/www.santaanaalcoi.es\/index.php?rest_route=%2Fwp%2Fv2%2Fcategories&post=861"},{"taxonomy":"post_tag","embeddable":true,"href":"https:\/\/www.santaanaalcoi.es\/index.php?rest_route=%2Fwp%2Fv2%2Ftags&post=861"}],"curies":[{"name":"wp","href":"https:\/\/api.w.org\/{rel}","templated":true}]}}