{"id":832,"date":"2016-09-19T07:47:03","date_gmt":"2016-09-19T07:47:03","guid":{"rendered":"https:\/\/santaanaalcoiweb.wordpress.com\/?p=832"},"modified":"2016-09-19T07:47:03","modified_gmt":"2016-09-19T07:47:03","slug":"escoletasantaanaleerescrecer","status":"publish","type":"post","link":"https:\/\/www.santaanaalcoi.es\/?p=832","title":{"rendered":"Escoleta Santa Ana: \u00a1leer es crecer!"},"content":{"rendered":"<p style=\"text-align:justify;\">\u00a1Leer es crecer!<br \/>\nEn la Escoleta del Colegio Santa Ana apostamos por el fomento de la lectura desde edades tempranas.<br \/>\nLos cuentos favorecen el desarrollo cognitivo, ling\u00fc\u00edstico, emocional y social del ni\u00f1o\/a, es por ello que nuestros proyectos y experiencias tienen como hilo conductor este material.<br \/>\nDe esta forma, los ni\u00f1os\/as desarrollar\u00e1n mejor la forma de expresar sus ideas y pensamientos, ayudando a argumentar sus inquietudes de manera m\u00e1s efectiva.<\/p>\n<p style=\"text-align:justify;\">En nuestro tabl\u00f3n de anuncios podr\u00e9is encontrar un listado que os hemos preparado con los libros que m\u00e1s les encantan a los beb\u00e9s de 0 a 2 a\u00f1os.<\/p>\n<p style=\"text-align:justify;\"><img loading=\"lazy\" decoding=\"async\" class=\"  wp-image-837 aligncenter\" src=\"https:\/\/santaanaalcoiweb.wordpress.com\/wp-content\/uploads\/2016\/09\/whatsapp-image-2016-09-17-at-14-44-36.jpeg\" alt=\"whatsapp-image-2016-09-17-at-14-44-36\" width=\"467\" height=\"286\" \/><\/p>\n<p style=\"text-align:justify;\">En nuestra Escoleta desarrollamos el Plan de fomento a la lectura dede las aulas de primer ciclo, con actividades que, adem\u00e1s, involucran a la familia; cada alumno el d\u00eda de su cumplea\u00f1os regala un libro a la clase. El alumno en cuesti\u00f3n, es el protagonista del d\u00eda, y con la corona del rey o reina, destapa el libro y lo cuenta a sus compa\u00f1eros, que esperan con entusiasmo, con ayuda de la maestra durante la asamblea.<\/p>\n<p style=\"text-align:justify;\">Disfrutan much\u00edsimo de la historia i del placer que la lectura proporciona. Cada aula de nuestra Escoleta, a su vez, dispone de un rinc\u00f3n de la lectura (biclioteca), en el que vamos colocando todas las aportaciones de las familias.<\/p>\n<p style=\"text-align:justify;\">En este rinc\u00f3n los alumnos disponen de cuentos y revistas en diferentes formatos, para poder manipularlos y observarlos libremente, fomentando as\u00ed su autonom\u00eda y la curiosidad.<\/p>\n<p style=\"text-align:justify;\">A continuaci\u00f3n, os dejamos un enlace a un art\u00edculo que nos parece interesant\u00edsimo, y del cual hemos tomado algunas referencias bibliogr\u00e1ficas.<\/p>\n<p style=\"text-align:center;\"><a href=\"http:\/\/www.pequefelicidad.com\/2016\/02\/70-cuentos-que-causan-furor-en-bebes-de.html\" target=\"_blank\">70 libros que causan furor en beb\u00e9s de 0 a 2 a\u00f1os<\/a><\/p>\n","protected":false},"excerpt":{"rendered":"<p>\u00a1Leer es crecer! En la Escoleta del Colegio Santa Ana apostamos por el fomento de la lectura desde edades tempranas. Los cuentos favorecen el desarrollo cognitivo, ling\u00fc\u00edstico, emocional y social del ni\u00f1o\/a, es por ello que nuestros proyectos y experiencias tienen como hilo conductor este material. De esta forma, los ni\u00f1os\/as desarrollar\u00e1n mejor la forma&#8230; <\/p>\n<div class=\"link-more\"><a href=\"https:\/\/www.santaanaalcoi.es\/?p=832\">Lea m\u00e1s<\/a><\/div>\n","protected":false},"author":3,"featured_media":840,"comment_status":"open","ping_status":"open","sticky":false,"template":"","format":"standard","meta":{"_jetpack_memberships_contains_paid_content":false,"footnotes":""},"categories":[1],"tags":[],"class_list":["post-832","post","type-post","status-publish","format-standard","has-post-thumbnail","hentry","category-sin-categoria"],"jetpack_featured_media_url":"https:\/\/www.santaanaalcoi.es\/wp-content\/uploads\/2016\/09\/bebe-leyendo.jpg","jetpack_sharing_enabled":true,"_links":{"self":[{"href":"https:\/\/www.santaanaalcoi.es\/index.php?rest_route=\/wp\/v2\/posts\/832","targetHints":{"allow":["GET"]}}],"collection":[{"href":"https:\/\/www.santaanaalcoi.es\/index.php?rest_route=\/wp\/v2\/posts"}],"about":[{"href":"https:\/\/www.santaanaalcoi.es\/index.php?rest_route=\/wp\/v2\/types\/post"}],"author":[{"embeddable":true,"href":"https:\/\/www.santaanaalcoi.es\/index.php?rest_route=\/wp\/v2\/users\/3"}],"replies":[{"embeddable":true,"href":"https:\/\/www.santaanaalcoi.es\/index.php?rest_route=%2Fwp%2Fv2%2Fcomments&post=832"}],"version-history":[{"count":0,"href":"https:\/\/www.santaanaalcoi.es\/index.php?rest_route=\/wp\/v2\/posts\/832\/revisions"}],"wp:featuredmedia":[{"embeddable":true,"href":"https:\/\/www.santaanaalcoi.es\/index.php?rest_route=\/wp\/v2\/media\/840"}],"wp:attachment":[{"href":"https:\/\/www.santaanaalcoi.es\/index.php?rest_route=%2Fwp%2Fv2%2Fmedia&parent=832"}],"wp:term":[{"taxonomy":"category","embeddable":true,"href":"https:\/\/www.santaanaalcoi.es\/index.php?rest_route=%2Fwp%2Fv2%2Fcategories&post=832"},{"taxonomy":"post_tag","embeddable":true,"href":"https:\/\/www.santaanaalcoi.es\/index.php?rest_route=%2Fwp%2Fv2%2Ftags&post=832"}],"curies":[{"name":"wp","href":"https:\/\/api.w.org\/{rel}","templated":true}]}}