{"id":4766,"date":"2025-10-23T12:53:46","date_gmt":"2025-10-23T10:53:46","guid":{"rendered":"https:\/\/www.santaanaalcoi.es\/?p=4766"},"modified":"2025-10-23T12:53:46","modified_gmt":"2025-10-23T10:53:46","slug":"dia-del-comedor-escolar","status":"publish","type":"post","link":"https:\/\/www.santaanaalcoi.es\/?p=4766","title":{"rendered":"D\u00cdA DEL COMEDOR ESCOLAR"},"content":{"rendered":"\n<p><strong>ACTIVIDAD SESANVA <\/strong><\/p>\n\n\n\n<p>\u00a0El pr\u00f3ximo\u00a0d\u00eda\u00a0<strong>31 de octubre<\/strong>\u00a0os abrimos las puertas de nuestro cole y\u00a0comedor\u00a0para celebrar juntos\u00a0 el\u00a0\u00a0<strong>\u201cD\u00eda del comedor escolar\u201d<\/strong>, una iniciativa que persigue promover el conocimiento, la valoraci\u00f3n y el consumo informado de productos l\u00e1cteos locales. Mediante una experiencia educativa y sensorial que va a\u00a0 vincular a las familias,\u00a0comedor escolar\u00a0y al profesorado con el proceso de producci\u00f3n de la leche en una vaquer\u00eda.\u00a0<\/p>\n\n\n\n<p>El nombre de la actividad es&nbsp;<strong>SESANVA<\/strong>: siendo integrantes de la misma SERUNION, SANTA ANA Y VAQUER\u00cdA DE ELCHE.&nbsp;<\/p>\n\n\n\n<p>Los ganaderos de<strong> La Vaquer\u00eda del Camp d\u2019Elx<\/strong> acudir\u00e1n al centro a contar la tradici\u00f3n, elaboraci\u00f3n, producci\u00f3n y calidad de los alimentos. Despu\u00e9s podremos contrastar opiniones, expresar vivencias o resolver dudas conjuntamente.<\/p>\n\n\n\n<p>Por \u00faltimo, se realizar\u00e1 una<strong> degustaci\u00f3n alimentaria <\/strong>que permitir\u00e1 a los integrantes de la\u00a0actividad explorar y valorar la diversidad de sabores de dichos alimentos saludables y\u00a0 sostenibles.\u00a0\u00a0<\/p>\n\n\n\n<p><strong>La actividad est\u00e1 dirigida al p\u00fablico adulto aunque podr\u00e1n acudir ni\u00f1os\/as, los cuales se quedar\u00edan a cargo de un monitor\/a en el patio del colegio.<\/strong><\/p>\n\n\n\n<p><strong>D\u00eda: 31 de octubre<\/strong><\/p>\n\n\n\n<p><strong>Hora: de 17:00h a 19:00h&nbsp;<\/strong><\/p>\n\n\n\n<p>Lugar: sal\u00f3n de actos del centro y&nbsp;comedor&nbsp;(adultos).<\/p>\n\n\n\n<p><strong>Coste: 2 euros\/adulto (ticket online)&nbsp;<\/strong><a href=\"https:\/\/santaana.mabisy.com\/comedor-escolar_c1161173\/\" target=\"_blank\" rel=\"noreferrer noopener\"><strong><em>Compra aqu\u00ed TICKET<\/em><\/strong><\/a>&nbsp;<\/p>\n\n\n\n<figure class=\"wp-block-image size-large is-resized\"><img loading=\"lazy\" decoding=\"async\" width=\"1024\" height=\"726\" src=\"https:\/\/www.santaanaalcoi.es\/wp-content\/uploads\/2025\/10\/vale-1-euro-1024x726.png\" alt=\"\" class=\"wp-image-4764\" style=\"width:295px;height:auto\" srcset=\"https:\/\/www.santaanaalcoi.es\/wp-content\/uploads\/2025\/10\/vale-1-euro-1024x726.png 1024w, https:\/\/www.santaanaalcoi.es\/wp-content\/uploads\/2025\/10\/vale-1-euro-300x213.png 300w, https:\/\/www.santaanaalcoi.es\/wp-content\/uploads\/2025\/10\/vale-1-euro-768x545.png 768w, https:\/\/www.santaanaalcoi.es\/wp-content\/uploads\/2025\/10\/vale-1-euro-1536x1090.png 1536w, https:\/\/www.santaanaalcoi.es\/wp-content\/uploads\/2025\/10\/vale-1-euro-423x300.png 423w, https:\/\/www.santaanaalcoi.es\/wp-content\/uploads\/2025\/10\/vale-1-euro.png 1748w\" sizes=\"auto, (max-width: 1024px) 100vw, 1024px\" \/><\/figure>\n\n\n\n<p><strong><em>Una vez adquirido el ticket, deb\u00e9is de enviarlo por correo electr\u00f3nico a&nbsp;<\/em><\/strong><a href=\"mailto:comedor@santaanaalcoi.com\" target=\"_blank\" rel=\"noreferrer noopener\"><strong><em>comedor@santaanaalcoi.com<\/em><\/strong><\/a><strong><em>, adem\u00e1s de presentarlo en la entrada del evento el mismo&nbsp;d\u00eda&nbsp;31 de octubre en formato papel o digital.<\/em><\/strong><\/p>\n\n\n\n<p><em>*La actividad tendr\u00e1 un aforo de 50 personas. Una vez se llegue al cupo de compra de dichos tickets no se podr\u00e1n adquirir m\u00e1s.&nbsp;<\/em><\/p>\n\n\n\n<p><em>\u00a1Os esperamos!<\/em><\/p>\n\n\n\n<p><em>El Equipo de&nbsp;comedor&nbsp;<\/em><\/p>\n\n\n\n<p><\/p>\n","protected":false},"excerpt":{"rendered":"<p>ACTIVIDAD SESANVA \u00a0El pr\u00f3ximo\u00a0d\u00eda\u00a031 de octubre\u00a0os abrimos las puertas de nuestro cole y\u00a0comedor\u00a0para celebrar juntos\u00a0 el\u00a0\u00a0\u201cD\u00eda del comedor escolar\u201d, una iniciativa que persigue promover el conocimiento, la valoraci\u00f3n y el consumo informado de productos l\u00e1cteos locales. Mediante una experiencia educativa y sensorial que va a\u00a0 vincular a las familias,\u00a0comedor escolar\u00a0y al profesorado con el proceso&#8230; <\/p>\n<div class=\"link-more\"><a href=\"https:\/\/www.santaanaalcoi.es\/?p=4766\">Lea m\u00e1s<\/a><\/div>\n","protected":false},"author":2,"featured_media":0,"comment_status":"open","ping_status":"open","sticky":false,"template":"","format":"standard","meta":{"_jetpack_memberships_contains_paid_content":false,"footnotes":""},"categories":[1],"tags":[],"class_list":["post-4766","post","type-post","status-publish","format-standard","hentry","category-sin-categoria"],"jetpack_featured_media_url":"","jetpack_sharing_enabled":true,"_links":{"self":[{"href":"https:\/\/www.santaanaalcoi.es\/index.php?rest_route=\/wp\/v2\/posts\/4766","targetHints":{"allow":["GET"]}}],"collection":[{"href":"https:\/\/www.santaanaalcoi.es\/index.php?rest_route=\/wp\/v2\/posts"}],"about":[{"href":"https:\/\/www.santaanaalcoi.es\/index.php?rest_route=\/wp\/v2\/types\/post"}],"author":[{"embeddable":true,"href":"https:\/\/www.santaanaalcoi.es\/index.php?rest_route=\/wp\/v2\/users\/2"}],"replies":[{"embeddable":true,"href":"https:\/\/www.santaanaalcoi.es\/index.php?rest_route=%2Fwp%2Fv2%2Fcomments&post=4766"}],"version-history":[{"count":1,"href":"https:\/\/www.santaanaalcoi.es\/index.php?rest_route=\/wp\/v2\/posts\/4766\/revisions"}],"predecessor-version":[{"id":4767,"href":"https:\/\/www.santaanaalcoi.es\/index.php?rest_route=\/wp\/v2\/posts\/4766\/revisions\/4767"}],"wp:attachment":[{"href":"https:\/\/www.santaanaalcoi.es\/index.php?rest_route=%2Fwp%2Fv2%2Fmedia&parent=4766"}],"wp:term":[{"taxonomy":"category","embeddable":true,"href":"https:\/\/www.santaanaalcoi.es\/index.php?rest_route=%2Fwp%2Fv2%2Fcategories&post=4766"},{"taxonomy":"post_tag","embeddable":true,"href":"https:\/\/www.santaanaalcoi.es\/index.php?rest_route=%2Fwp%2Fv2%2Ftags&post=4766"}],"curies":[{"name":"wp","href":"https:\/\/api.w.org\/{rel}","templated":true}]}}