{"id":4638,"date":"2025-09-02T18:40:19","date_gmt":"2025-09-02T16:40:19","guid":{"rendered":"https:\/\/www.santaanaalcoi.es\/?p=4638"},"modified":"2025-09-02T18:40:19","modified_gmt":"2025-09-02T16:40:19","slug":"primera-bbq-party-antiguos-alumnos-as","status":"publish","type":"post","link":"https:\/\/www.santaanaalcoi.es\/?p=4638","title":{"rendered":"PRIMERA BBQ PARTY- ANTIGUOS ALUMNOS\/AS"},"content":{"rendered":"\n<p>\u00a1Ya est\u00e1 aqu\u00ed!<\/p>\n\n\n\n<p>Nuestra primera gran convivencia de antiguos\/as alumnos\/as del Colegio Santa Ana est\u00e1 en marcha, y la vamos a celebrar en forma de una fiesta alrededor de nuestra barbacoa.<\/p>\n\n\n\n<p>Una convivencia en la que podr\u00e9is asistir solos, en pareja, o con vuestros hijos\/as, porque queremos que la familia sea parte importante de este primer evento.<\/p>\n\n\n\n<p>Hablad con vuestros\/as compa\u00f1eros\/as de promoci\u00f3n y venid a disfrutar juntos.<\/p>\n\n\n\n<p>Ser\u00e1 una comida de \u00absobaquillo\u00bb, y cada uno traer\u00e1 su comida y bebida. Tendremos la barbacoa en marcha, por lo que podr\u00e9is asar libremente lo que vay\u00e1is a comer. El Colegio invitar\u00e1 al aperitivo.<\/p>\n\n\n\n<ul class=\"wp-block-list\">\n<li>D\u00eda del evento: 20 de Septiembre de 2025<\/li>\n<\/ul>\n\n\n\n<ul class=\"wp-block-list\">\n<li>Hora de inicio: 12:00 horas<\/li>\n<\/ul>\n\n\n\n<ul class=\"wp-block-list\">\n<li>Lugar: patio del Colegio Santa Ana<\/li>\n<\/ul>\n\n\n\n<p>Es importante rellenar este formulario para poder asistir al evento, y que la organizaci\u00f3n est\u00e9 al nivel que os merec\u00e9is  <a href=\"https:\/\/docs.google.com\/forms\/d\/e\/1FAIpQLSfeNYy8eKCRgXEjTfHM23YlRp20C_Dt816_3G2shTX_t7CRZg\/viewform\">FORMULARIO<\/a><\/p>\n\n\n\n<p>Si en alg\u00fan momento ten\u00e9is alguna duda, o quer\u00e9is cancelar vuestra inscripci\u00f3n, pod\u00e9is contactar con nosotros a trav\u00e9s del mail&nbsp;<a href=\"mailto:exalumnos@santaanaalcoi.com\" target=\"_blank\" rel=\"noreferrer noopener\">exalumnos@santaanaalcoi.com<\/a><\/p>\n\n\n\n<p>Este formulario permanecer\u00e1 abierto hasta el <strong>7 de Septiembre<\/strong>, d\u00eda en que cerraremos definitivamente las inscripciones <\/p>\n\n\n\n<p>\u00a1Os esperamos!<\/p>\n\n\n\n<p><\/p>\n\n\n\n<p><\/p>\n","protected":false},"excerpt":{"rendered":"<p>\u00a1Ya est\u00e1 aqu\u00ed! Nuestra primera gran convivencia de antiguos\/as alumnos\/as del Colegio Santa Ana est\u00e1 en marcha, y la vamos a celebrar en forma de una fiesta alrededor de nuestra barbacoa. Una convivencia en la que podr\u00e9is asistir solos, en pareja, o con vuestros hijos\/as, porque queremos que la familia sea parte importante de este&#8230; <\/p>\n<div class=\"link-more\"><a href=\"https:\/\/www.santaanaalcoi.es\/?p=4638\">Lea m\u00e1s<\/a><\/div>\n","protected":false},"author":2,"featured_media":4639,"comment_status":"open","ping_status":"open","sticky":false,"template":"","format":"standard","meta":{"_jetpack_memberships_contains_paid_content":false,"footnotes":""},"categories":[1],"tags":[],"class_list":["post-4638","post","type-post","status-publish","format-standard","has-post-thumbnail","hentry","category-sin-categoria"],"jetpack_featured_media_url":"https:\/\/www.santaanaalcoi.es\/wp-content\/uploads\/2025\/09\/image0.jpeg","jetpack_sharing_enabled":true,"_links":{"self":[{"href":"https:\/\/www.santaanaalcoi.es\/index.php?rest_route=\/wp\/v2\/posts\/4638","targetHints":{"allow":["GET"]}}],"collection":[{"href":"https:\/\/www.santaanaalcoi.es\/index.php?rest_route=\/wp\/v2\/posts"}],"about":[{"href":"https:\/\/www.santaanaalcoi.es\/index.php?rest_route=\/wp\/v2\/types\/post"}],"author":[{"embeddable":true,"href":"https:\/\/www.santaanaalcoi.es\/index.php?rest_route=\/wp\/v2\/users\/2"}],"replies":[{"embeddable":true,"href":"https:\/\/www.santaanaalcoi.es\/index.php?rest_route=%2Fwp%2Fv2%2Fcomments&post=4638"}],"version-history":[{"count":1,"href":"https:\/\/www.santaanaalcoi.es\/index.php?rest_route=\/wp\/v2\/posts\/4638\/revisions"}],"predecessor-version":[{"id":4640,"href":"https:\/\/www.santaanaalcoi.es\/index.php?rest_route=\/wp\/v2\/posts\/4638\/revisions\/4640"}],"wp:featuredmedia":[{"embeddable":true,"href":"https:\/\/www.santaanaalcoi.es\/index.php?rest_route=\/wp\/v2\/media\/4639"}],"wp:attachment":[{"href":"https:\/\/www.santaanaalcoi.es\/index.php?rest_route=%2Fwp%2Fv2%2Fmedia&parent=4638"}],"wp:term":[{"taxonomy":"category","embeddable":true,"href":"https:\/\/www.santaanaalcoi.es\/index.php?rest_route=%2Fwp%2Fv2%2Fcategories&post=4638"},{"taxonomy":"post_tag","embeddable":true,"href":"https:\/\/www.santaanaalcoi.es\/index.php?rest_route=%2Fwp%2Fv2%2Ftags&post=4638"}],"curies":[{"name":"wp","href":"https:\/\/api.w.org\/{rel}","templated":true}]}}