{"id":4306,"date":"2025-05-08T08:18:33","date_gmt":"2025-05-08T08:18:33","guid":{"rendered":"https:\/\/santaanaalcoiweb.wordpress.com\/?p=4306"},"modified":"2025-09-08T18:35:32","modified_gmt":"2025-09-08T16:35:32","slug":"fp-online-diocesanos-valencia","status":"publish","type":"post","link":"https:\/\/www.santaanaalcoi.es\/?p=4306","title":{"rendered":"FP Online Diocesanos Valencia"},"content":{"rendered":"\n<p>\u00a1La FP Diocesanos Valencia llega para aportar una nueva visi\u00f3n de la formaci\u00f3n online, m\u00e1s comprometida, con valores.<\/p>\n\n\n\n<p>Descubre <a href=\"http:\/\/fpdiocesanosvalencia.com\">fpdiocesanosvalencia.com<\/a><\/p>\n\n\n\n<p>Una nueva forma de impulsar tu futuro, form\u00e1ndote a tu ritmo de la mano de un grupo educativo con m\u00e1s de 25 a\u00f1os de experiencia.<\/p>\n\n\n\n<p>\ud83c\udf93 Titulaciones Oficiales<\/p>\n\n\n\n<p>\ud83d\udd1d Pr\u00e1cticas en empresas top<\/p>\n\n\n\n<p>\ud83d\udc4d Adaptada a tu ritmo<\/p>\n\n\n\n<p>\ud83e\uddd1\u200d\ud83c\udfeb Tutor online individual<\/p>\n\n\n\n<p>Llega la formaci\u00f3n profesional comprometida.<\/p>\n\n\n\n<p>Bienvenido a FP Online Diocesanos Valencia.<\/p>\n\n\n\n<h1 class=\"wp-block-heading\">Formaci\u00f3nOnline #CursoOnline #DesarrolloProfesional #EstudiaDesdeCasa<\/h1>\n\n\n\n<h1 class=\"wp-block-heading\">ColegiosDiocesanos #Formaci\u00f3nProfesional<\/h1>\n\n\n\n<figure class=\"wp-block-image size-large\"><a href=\"fpdiocesanosvalencia.com\"><img loading=\"lazy\" decoding=\"async\" width=\"1080\" height=\"1080\" src=\"http:\/\/www.santaanaalcoi.es\/wp-content\/uploads\/2025\/05\/fp-diocesanos-1080x1080-1.jpg?w=1024\" alt=\"\" class=\"wp-image-4307\" srcset=\"https:\/\/www.santaanaalcoi.es\/wp-content\/uploads\/2025\/05\/fp-diocesanos-1080x1080-1.jpg 1080w, https:\/\/www.santaanaalcoi.es\/wp-content\/uploads\/2025\/05\/fp-diocesanos-1080x1080-1-300x300.jpg 300w, https:\/\/www.santaanaalcoi.es\/wp-content\/uploads\/2025\/05\/fp-diocesanos-1080x1080-1-1024x1024.jpg 1024w, https:\/\/www.santaanaalcoi.es\/wp-content\/uploads\/2025\/05\/fp-diocesanos-1080x1080-1-150x150.jpg 150w, https:\/\/www.santaanaalcoi.es\/wp-content\/uploads\/2025\/05\/fp-diocesanos-1080x1080-1-768x768.jpg 768w\" sizes=\"auto, (max-width: 1080px) 100vw, 1080px\" \/><\/a><\/figure>\n\n\n\n<p><\/p>\n","protected":false},"excerpt":{"rendered":"<p>\u00a1La FP Diocesanos Valencia llega para aportar una nueva visi\u00f3n de la formaci\u00f3n online, m\u00e1s comprometida, con valores. Descubre fpdiocesanosvalencia.com Una nueva forma de impulsar tu futuro, form\u00e1ndote a tu ritmo de la mano de un grupo educativo con m\u00e1s de 25 a\u00f1os de experiencia. \ud83c\udf93 Titulaciones Oficiales \ud83d\udd1d Pr\u00e1cticas en empresas top \ud83d\udc4d Adaptada&#8230; <\/p>\n<div class=\"link-more\"><a href=\"https:\/\/www.santaanaalcoi.es\/?p=4306\">Lea m\u00e1s<\/a><\/div>\n","protected":false},"author":3,"featured_media":4310,"comment_status":"open","ping_status":"open","sticky":true,"template":"","format":"standard","meta":{"_jetpack_memberships_contains_paid_content":false,"footnotes":""},"categories":[1],"tags":[],"class_list":["post-4306","post","type-post","status-publish","format-standard","has-post-thumbnail","hentry","category-sin-categoria"],"jetpack_featured_media_url":"https:\/\/www.santaanaalcoi.es\/wp-content\/uploads\/2025\/05\/fp-diocesanos-desktop-1920x600-1.jpg","jetpack_sharing_enabled":true,"_links":{"self":[{"href":"https:\/\/www.santaanaalcoi.es\/index.php?rest_route=\/wp\/v2\/posts\/4306","targetHints":{"allow":["GET"]}}],"collection":[{"href":"https:\/\/www.santaanaalcoi.es\/index.php?rest_route=\/wp\/v2\/posts"}],"about":[{"href":"https:\/\/www.santaanaalcoi.es\/index.php?rest_route=\/wp\/v2\/types\/post"}],"author":[{"embeddable":true,"href":"https:\/\/www.santaanaalcoi.es\/index.php?rest_route=\/wp\/v2\/users\/3"}],"replies":[{"embeddable":true,"href":"https:\/\/www.santaanaalcoi.es\/index.php?rest_route=%2Fwp%2Fv2%2Fcomments&post=4306"}],"version-history":[{"count":1,"href":"https:\/\/www.santaanaalcoi.es\/index.php?rest_route=\/wp\/v2\/posts\/4306\/revisions"}],"predecessor-version":[{"id":4710,"href":"https:\/\/www.santaanaalcoi.es\/index.php?rest_route=\/wp\/v2\/posts\/4306\/revisions\/4710"}],"wp:featuredmedia":[{"embeddable":true,"href":"https:\/\/www.santaanaalcoi.es\/index.php?rest_route=\/wp\/v2\/media\/4310"}],"wp:attachment":[{"href":"https:\/\/www.santaanaalcoi.es\/index.php?rest_route=%2Fwp%2Fv2%2Fmedia&parent=4306"}],"wp:term":[{"taxonomy":"category","embeddable":true,"href":"https:\/\/www.santaanaalcoi.es\/index.php?rest_route=%2Fwp%2Fv2%2Fcategories&post=4306"},{"taxonomy":"post_tag","embeddable":true,"href":"https:\/\/www.santaanaalcoi.es\/index.php?rest_route=%2Fwp%2Fv2%2Ftags&post=4306"}],"curies":[{"name":"wp","href":"https:\/\/api.w.org\/{rel}","templated":true}]}}