{"id":4221,"date":"2025-02-26T06:51:35","date_gmt":"2025-02-26T06:51:35","guid":{"rendered":"https:\/\/santaanaalcoiweb.wordpress.com\/?p=4221"},"modified":"2025-02-26T06:51:35","modified_gmt":"2025-02-26T06:51:35","slug":"puertas-abiertas-2025","status":"publish","type":"post","link":"https:\/\/www.santaanaalcoi.es\/?p=4221","title":{"rendered":"PUERTAS ABIERTAS 2025"},"content":{"rendered":"\n<p><\/p>\n\n\n\n<p class=\"has-medium-font-size\">Un a\u00f1o m\u00e1s, abrimos nuestras puertas para descubras todo lo que hace especial a nuestro colegio&nbsp;<img decoding=\"async\" alt=\"\u2728\" src=\"https:\/\/fonts.gstatic.com\/s\/e\/notoemoji\/16.0\/2728\/32.png\"><\/p>\n\n\n\n<p class=\"has-medium-font-size\">Te esperamos para compartir experiencias&nbsp;<img decoding=\"async\" alt=\"\ud83d\udde3\ufe0f\" src=\"https:\/\/fonts.gstatic.com\/s\/e\/notoemoji\/16.0\/1f5e3_fe0f\/32.png\">&nbsp;conocer a nuestros docentes&nbsp;<img decoding=\"async\" alt=\"\ud83e\uddd1\u200d\ud83c\udfeb\" src=\"https:\/\/fonts.gstatic.com\/s\/e\/notoemoji\/16.0\/1f9d1_200d_1f3eb\/32.png\"><img decoding=\"async\" alt=\"\ud83d\udc68\ud83c\udffb\u200d\ud83c\udfeb\" src=\"https:\/\/fonts.gstatic.com\/s\/e\/notoemoji\/16.0\/1f468_1f3fb_200d_1f3eb\/32.png\">y explorar nuestras instalaciones<img decoding=\"async\" alt=\"\ud83c\udfeb\" src=\"https:\/\/fonts.gstatic.com\/s\/e\/notoemoji\/16.0\/1f3eb\/32.png\"><\/p>\n\n\n\n<p class=\"has-medium-font-size\"><a href=\"https:\/\/docs.google.com\/forms\/d\/1UfewpN5yd_Lbcot2NAwJOg-XGZwTgbxhHL3OA7qtjHM\/edit\" target=\"_blank\" rel=\"noreferrer noopener\">RESERVA TU CITA AQU\u00cd<\/a><\/p>\n\n\n\n<p class=\"has-medium-font-size\"><em>T\u00fa haces nuestro cole perfecto<\/em>&nbsp;y queremos que cada uno de vosotros form\u00e9is parte de esta gran familia&nbsp;<img decoding=\"async\" alt=\"\ud83e\udef6\ud83c\udffb\" src=\"https:\/\/fonts.gstatic.com\/s\/e\/notoemoji\/16.0\/1faf6_1f3fb\/32.png\"><\/p>\n\n\n\n<p class=\"has-medium-font-size\"><a href=\"https:\/\/youtu.be\/vkavkoKUFxU?si=8cZDCvAXGL1wKVJL\" target=\"_blank\" rel=\"noreferrer noopener\">V\u00cdDEO PROMOCIONAL CLICA AQU\u00cd<\/a><\/p>\n\n\n\n<p class=\"has-medium-font-size\">\u00a1Te esperamos!<\/p>\n\n\n\n<p class=\"has-medium-font-size\"><\/p>\n","protected":false},"excerpt":{"rendered":"<p>Un a\u00f1o m\u00e1s, abrimos nuestras puertas para descubras todo lo que hace especial a nuestro colegio&nbsp; Te esperamos para compartir experiencias&nbsp;&nbsp;conocer a nuestros docentes&nbsp;y explorar nuestras instalaciones RESERVA TU CITA AQU\u00cd T\u00fa haces nuestro cole perfecto&nbsp;y queremos que cada uno de vosotros form\u00e9is parte de esta gran familia&nbsp; V\u00cdDEO PROMOCIONAL CLICA AQU\u00cd \u00a1Te esperamos!<\/p>\n","protected":false},"author":3,"featured_media":4222,"comment_status":"open","ping_status":"open","sticky":false,"template":"","format":"standard","meta":{"_jetpack_memberships_contains_paid_content":false,"footnotes":""},"categories":[1],"tags":[],"class_list":["post-4221","post","type-post","status-publish","format-standard","has-post-thumbnail","hentry","category-sin-categoria"],"jetpack_featured_media_url":"https:\/\/www.santaanaalcoi.es\/wp-content\/uploads\/2025\/02\/puertas-abiertas-25.jpg","jetpack_sharing_enabled":true,"_links":{"self":[{"href":"https:\/\/www.santaanaalcoi.es\/index.php?rest_route=\/wp\/v2\/posts\/4221","targetHints":{"allow":["GET"]}}],"collection":[{"href":"https:\/\/www.santaanaalcoi.es\/index.php?rest_route=\/wp\/v2\/posts"}],"about":[{"href":"https:\/\/www.santaanaalcoi.es\/index.php?rest_route=\/wp\/v2\/types\/post"}],"author":[{"embeddable":true,"href":"https:\/\/www.santaanaalcoi.es\/index.php?rest_route=\/wp\/v2\/users\/3"}],"replies":[{"embeddable":true,"href":"https:\/\/www.santaanaalcoi.es\/index.php?rest_route=%2Fwp%2Fv2%2Fcomments&post=4221"}],"version-history":[{"count":0,"href":"https:\/\/www.santaanaalcoi.es\/index.php?rest_route=\/wp\/v2\/posts\/4221\/revisions"}],"wp:featuredmedia":[{"embeddable":true,"href":"https:\/\/www.santaanaalcoi.es\/index.php?rest_route=\/wp\/v2\/media\/4222"}],"wp:attachment":[{"href":"https:\/\/www.santaanaalcoi.es\/index.php?rest_route=%2Fwp%2Fv2%2Fmedia&parent=4221"}],"wp:term":[{"taxonomy":"category","embeddable":true,"href":"https:\/\/www.santaanaalcoi.es\/index.php?rest_route=%2Fwp%2Fv2%2Fcategories&post=4221"},{"taxonomy":"post_tag","embeddable":true,"href":"https:\/\/www.santaanaalcoi.es\/index.php?rest_route=%2Fwp%2Fv2%2Ftags&post=4221"}],"curies":[{"name":"wp","href":"https:\/\/api.w.org\/{rel}","templated":true}]}}