{"id":4214,"date":"2025-02-12T06:21:49","date_gmt":"2025-02-12T06:21:49","guid":{"rendered":"https:\/\/santaanaalcoiweb.wordpress.com\/?p=4214"},"modified":"2025-02-12T06:21:49","modified_gmt":"2025-02-12T06:21:49","slug":"eleccion-de-la-lengua-base","status":"publish","type":"post","link":"https:\/\/www.santaanaalcoi.es\/?p=4214","title":{"rendered":"ELECCI\u00d3N DE LA LENGUA BASE"},"content":{"rendered":"\n<p>La&nbsp;<strong>Orden 2\/2025<\/strong>, de 7 de febrero, de la Conselleria de Educaci\u00f3n, Cultura, Universidades y Empleo, regula y convoca el procedimiento de consulta a los representantes legales del alumnado para elegir la lengua base aplicable a partir del curso escolar 2025-2026, conforme a la disposici\u00f3n transitoria segunda de la Ley 1\/2024, de 27 de junio, de la Generalitat, que regula la libertad educativa.<\/p>\n\n\n\n<p>A continuaci\u00f3n, se presenta un resumen de cada cap\u00edtulo y art\u00edculo de la orden:<\/p>\n\n\n\n<p><strong>Cap\u00edtulo I. Disposiciones generales<\/strong><\/p>\n\n\n\n<ul class=\"wp-block-list\">\n<li><strong>Art\u00edculo 1. Objeto y \u00e1mbito de aplicaci\u00f3n:<\/strong>\u00a0Establece que la orden regula el procedimiento de consulta dirigido a los representantes legales del alumnado matriculado en el segundo ciclo de Educaci\u00f3n Infantil, Educaci\u00f3n Primaria y Educaci\u00f3n Secundaria Obligatoria en centros p\u00fablicos y privados concertados de la Comunitat Valenciana.<\/li>\n\n\n\n<li><strong>Art\u00edculo 2. Finalidad y efectos de la consulta:<\/strong>\u00a0La consulta tiene como finalidad determinar la lengua base de ense\u00f1anza (valenciano o castellano) para cada centro y nivel educativo, en funci\u00f3n de la preferencia expresada por las familias. Los resultados influir\u00e1n en la planificaci\u00f3n educativa y en la adscripci\u00f3n del alumnado a una lengua base espec\u00edfica.<\/li>\n\n\n\n<li><strong>Art\u00edculo 3. Participantes en la consulta:<\/strong>\u00a0Podr\u00e1n participar los representantes legales del alumnado matriculado en los niveles educativos mencionados. Es suficiente con que un representante legal por alumno complete la consulta.<\/li>\n<\/ul>\n\n\n\n<p><strong>Cap\u00edtulo II. Actuaciones previas a la consulta<\/strong><\/p>\n\n\n\n<ul class=\"wp-block-list\">\n<li><strong>Art\u00edculo 4. Informaci\u00f3n a las familias desde los centros docentes:<\/strong>\u00a0Los centros educativos deben informar a las familias sobre el proceso de consulta, incluyendo su finalidad, procedimiento y calendario.<\/li>\n\n\n\n<li><strong>Art\u00edculo 5. Actualizaci\u00f3n de datos de representantes legales del alumnado:<\/strong>\u00a0Los centros deben asegurarse de que los datos de los representantes legales est\u00e9n actualizados para garantizar su correcta participaci\u00f3n en la consulta.<\/li>\n\n\n\n<li><strong>Art\u00edculo 6. Publicaci\u00f3n del censo provisional de participantes en la consulta y reclamaciones:<\/strong>\u00a0Se establece la publicaci\u00f3n del censo provisional de participantes y el plazo para que las familias presenten reclamaciones en caso de errores o ausencias en el censo.<\/li>\n\n\n\n<li><strong>Art\u00edculo 7. Publicaci\u00f3n del censo definitivo de participantes en la consulta:<\/strong>\u00a0Tras resolver las reclamaciones, se publicar\u00e1 el censo definitivo de participantes en la consulta.<\/li>\n<\/ul>\n\n\n\n<p><strong>Cap\u00edtulo III. Desarrollo de la consulta<\/strong><\/p>\n\n\n\n<ul class=\"wp-block-list\">\n<li><strong>Art\u00edculo 8. Forma y plazo:<\/strong>\u00a0La consulta se realizar\u00e1 de forma telem\u00e1tica a trav\u00e9s de la Secretar\u00eda Digital (<a href=\"https:\/\/consulta.gva.es\/\" target=\"_blank\" rel=\"noreferrer noopener\">https:\/\/consulta.gva.es<\/a>) en el plazo establecido. Los centros facilitar\u00e1n el acceso a medios electr\u00f3nicos para aquellos representantes que lo necesiten.<\/li>\n\n\n\n<li><strong>Art\u00edculo 9. Identificaci\u00f3n de acceso a la Secretar\u00eda Digital:<\/strong>\u00a0Los representantes legales deber\u00e1n identificarse utilizando el N\u00famero de Identificaci\u00f3n del Alumnado (NIA) y otros datos que se determinen para acceder a la plataforma de consulta.<\/li>\n\n\n\n<li><strong>Art\u00edculo 10. Informaci\u00f3n a cumplimentar en la consulta:<\/strong>\u00a0Los participantes deber\u00e1n seleccionar la lengua base de ense\u00f1anza (valenciano o castellano) para cada uno de sus hijos matriculados.<\/li>\n\n\n\n<li><strong>Art\u00edculo 11. Justificante de participaci\u00f3n:<\/strong>\u00a0Una vez completada la consulta, se generar\u00e1 un justificante de participaci\u00f3n que los representantes legales podr\u00e1n conservar.<\/li>\n<\/ul>\n\n\n\n<p><strong>Cap\u00edtulo IV. Resultados de la consulta<\/strong><\/p>\n\n\n\n<ul class=\"wp-block-list\">\n<li><strong>Art\u00edculo 12. Participaci\u00f3n por parte de varios representantes legales del alumnado para un mismo alumno o alumna:<\/strong>\u00a0En caso de que m\u00e1s de un representante legal participe en la consulta para un mismo alumno, se considerar\u00e1 v\u00e1lida la primera respuesta registrada.<\/li>\n\n\n\n<li><strong>Art\u00edculo 13. Listados de alumnado por lengua base:<\/strong>\u00a0Los centros elaborar\u00e1n listados del alumnado seg\u00fan la lengua base elegida por sus representantes legales.<\/li>\n\n\n\n<li><strong>Art\u00edculo 14. C\u00f3mputo de unidades del alumnado tras la consulta:<\/strong>\u00a0En funci\u00f3n de los resultados de la consulta, se determinar\u00e1 el n\u00famero de unidades que se ofertar\u00e1n en cada lengua base en cada centro y nivel educativo.<\/li>\n\n\n\n<li><strong>Art\u00edculo 15. Adscripci\u00f3n del alumnado a una lengua base tras la consulta:<\/strong>\u00a0La adscripci\u00f3n del alumnado a una lengua base se realizar\u00e1 en funci\u00f3n de la preferencia expresada por los representantes legales y de la planificaci\u00f3n educativa resultante.<\/li>\n<\/ul>\n\n\n\n<p><strong>Disposiciones adicionales<\/strong><\/p>\n\n\n\n<ul class=\"wp-block-list\">\n<li><strong>Primera. Supervisi\u00f3n, asesoramiento y orientaci\u00f3n:<\/strong>\u00a0La administraci\u00f3n educativa proporcionar\u00e1 supervisi\u00f3n, asesoramiento y orientaci\u00f3n a los centros durante el proceso de consulta.<\/li>\n\n\n\n<li><strong>Segunda. Tratamiento de datos de car\u00e1cter personal:<\/strong>\u00a0Se garantiza el cumplimiento de la normativa vigente en materia de protecci\u00f3n de datos personales durante todo el proceso.<\/li>\n\n\n\n<li><strong>Tercera. Centros afectados por la Depresi\u00f3n Aislada en Niveles Altos (DANA):<\/strong>\u00a0Se establecen medidas espec\u00edficas para los centros y familias afectadas por la DANA, asegurando su participaci\u00f3n en la consulta.<\/li>\n\n\n\n<li><strong>Cuarta. Incidencia presupuestaria:<\/strong>\u00a0La aplicaci\u00f3n de esta orden no tendr\u00e1 incidencia en la dotaci\u00f3n de los cap\u00edtulos de gasto asignados a la Conselleria de Educaci\u00f3n, Cultura, Universidades y Empleo, y ser\u00e1 atendida con los medios personales y materiales de la conselleria.<\/li>\n<\/ul>\n\n\n\n<p><strong>Disposici\u00f3n derogatoria<\/strong><\/p>\n\n\n\n<ul class=\"wp-block-list\">\n<li><strong>\u00danica. Derogaci\u00f3n normativa:<\/strong>\u00a0Quedan derogadas todas las disposiciones de igual o inferior rango que se opongan a lo establecido en esta orden.<\/li>\n<\/ul>\n\n\n\n<p><strong>Disposiciones finales<\/strong><\/p>\n\n\n\n<ul class=\"wp-block-list\">\n<li><strong>Primera. Facultades de interpretaci\u00f3n y aplicaci\u00f3n:<\/strong>\u00a0Se faculta a la persona titular de la Direcci\u00f3n General competente en materia de ordenaci\u00f3n educativa para dictar las instrucciones necesarias para la interpretaci\u00f3n y aplicaci\u00f3n de esta orden.<\/li>\n\n\n\n<li><strong>Segunda. Entrada en vigor:<\/strong>\u00a0Esta orden entrar\u00e1 en vigor el d\u00eda siguiente al de su publicaci\u00f3n en el Diari Oficial de la Generalitat Valenciana.<\/li>\n<\/ul>\n\n\n\n<p>Este resumen proporciona una visi\u00f3n general de los contenidos de la Orden 2\/2025. Para detalles espec\u00edficos, se recomienda consultar el texto completo de la orden en el Diari Oficial de la Generalitat Valenciana.<\/p>\n\n\n\n<p><\/p>\n\n\n\n<p class=\"has-large-font-size\">ELECCI\u00d3 DE LA LLENGUA BASE<\/p>\n\n\n\n<p>L&#8217;Orde 2\/2025, de 7 de febrer, de la Conselleria d&#8217;Educaci\u00f3, Cultura, Universitats i Ocupaci\u00f3, regula i convoca el procediment de consulta als representants legals de l&#8217;alumnat per a triar la llengua base aplicable a partir del curs escolar 2025-2026, conforme a la disposici\u00f3 transit\u00f2ria segona de la Llei 1\/2024, de 27 de juny, de la Generalitat, que regula la llibertat educativa.<\/p>\n\n\n\n<p>A continuaci\u00f3, es presenta un resum de cada cap\u00edtol i article de l&#8217;orde:<\/p>\n\n\n\n<p><strong>Cap\u00edtol I. Disposicions generals<\/strong><\/p>\n\n\n\n<p>Article 1. Objecte i \u00e0mbit d&#8217;aplicaci\u00f3: Establix que l&#8217;orde regula el procediment de consulta dirigit als representants legals de l&#8217;alumnat matriculat en el segon cicle d&#8217;Educaci\u00f3 Infantil, Educaci\u00f3 Prim\u00e0ria i Educaci\u00f3 Secund\u00e0ria Obligat\u00f2ria en centres p\u00fablics i privats concertats de la Comunitat Valenciana.<\/p>\n\n\n\n<p>Article 2. Finalitat i efectes de la consulta: La consulta t\u00e9 com a finalitat determinar la llengua base d&#8217;ensenyan\u00e7a (valenci\u00e0 o castell\u00e0) per a cada centre i nivell educatiu, en funci\u00f3 de la prefer\u00e8ncia expressada per les fam\u00edlies. Els resultats influiran en la planificaci\u00f3 educativa i en l&#8217;adscripci\u00f3 de l&#8217;alumnat a una llengua base espec\u00edfica.<\/p>\n\n\n\n<p>Article 3. Participants en la consulta: Podran participar els representants legals de l&#8217;alumnat matriculat en els nivells educatius esmentats. \u00c9s suficient que un representant legal per alumne complete la consulta.<\/p>\n\n\n\n<p><strong>Cap\u00edtol II. Actuacions pr\u00e8vies a la consulta<\/strong><\/p>\n\n\n\n<p>Article 4. Informaci\u00f3 a les fam\u00edlies des dels centres docents: Els centres educatius han d&#8217;informar les fam\u00edlies sobre el proc\u00e9s de consulta, incloent-hi la seua finalitat, procediment i calendari.<\/p>\n\n\n\n<p>Article 5. Actualitzaci\u00f3 de dades de representants legals de l&#8217;alumnat: Els centres han d&#8217;assegurar-se que les dades dels representants legals estiguen actualitzats per a garantir la seua correcta participaci\u00f3 en la consulta.<\/p>\n\n\n\n<p>Article 6. Publicaci\u00f3 del cens provisional de participants en la consulta i reclamacions: S&#8217;establix la publicaci\u00f3 del cens provisional de participants i el termini perqu\u00e8 les fam\u00edlies presenten reclamacions en cas d&#8217;errors o abs\u00e8ncies en el cens.<\/p>\n\n\n\n<p>Article 7. Publicaci\u00f3 del cens definitiu de participants en la consulta: Despr\u00e9s de resoldre les reclamacions, es publicar\u00e0 el cens definitiu de participants en la consulta.<\/p>\n\n\n\n<p><strong>Cap\u00edtol III. Desenrotllament de la consulta<\/strong><\/p>\n\n\n\n<p>Article 8. Forma i termini: La consulta es realitzar\u00e0 de manera telem\u00e0tica a trav\u00e9s de la Secretaria Digital (<a href=\"https:\/\/consulta.gva.es\/\" target=\"_blank\" rel=\"noreferrer noopener\">https:\/\/consulta.gva.es<\/a>) en el termini establit. Els centres facilitaran l&#8217;acc\u00e9s a mitjans electr\u00f2nics per a aquells representants que el necessiten.<\/p>\n\n\n\n<p>Article 9. Identificaci\u00f3 d&#8217;acc\u00e9s a la Secretaria Digital: Els representants legals hauran d&#8217;identificar-se utilitzant el N\u00famero d&#8217;Identificaci\u00f3 de l&#8217;Alumnat (*NIA) i altres dades que es determinen per a accedir a la plataforma de consulta.<\/p>\n\n\n\n<p>Article 10. Informaci\u00f3 a emplenar en la consulta: Els participants hauran de seleccionar la llengua base d&#8217;ensenyan\u00e7a (valenci\u00e0 o castell\u00e0) per a cada un dels seus fills matriculats.<\/p>\n\n\n\n<p>Article 11. Justificant de participaci\u00f3: Una vegada completada la consulta, es generar\u00e0 un justificant de participaci\u00f3 que els representants legals podran conservar.<\/p>\n\n\n\n<p><strong>Cap\u00edtol IV. Resultats de la consulta<\/strong><\/p>\n\n\n\n<p>Article 12. Participaci\u00f3 per part de diversos representants legals de l&#8217;alumnat per a un mateix alumne o alumna: En cas que m\u00e9s d&#8217;un representant legal participe en la consulta per a un mateix alumne, es considerar\u00e0 v\u00e0lida la primera resposta registrada.<\/p>\n\n\n\n<p>Article 13. Llistats d&#8217;alumnat per llengua base: Els centres elaboraran llistats de l&#8217;alumnat segons la llengua base triada pels seus representants legals.<\/p>\n\n\n\n<p>Article 14. C\u00f2mput d&#8217;unitats de l&#8217;alumnat despr\u00e9s de la consulta: En funci\u00f3 dels resultats de la consulta, es determinar\u00e0 el nombre d&#8217;unitats que s&#8217;oferiran en cada llengua base en cada centre i nivell educatiu.<\/p>\n\n\n\n<p>Article 15. Adscripci\u00f3 de l&#8217;alumnat a una llengua base despr\u00e9s de la consulta: L&#8217;adscripci\u00f3 de l&#8217;alumnat a una llengua base es realitzar\u00e0 en funci\u00f3 de la prefer\u00e8ncia expressada pels representants legals i de la planificaci\u00f3 educativa resultant.<\/p>\n\n\n\n<p><strong>Disposicions addicionals<\/strong><\/p>\n\n\n\n<p>Primera. Supervisi\u00f3, assessorament i orientaci\u00f3: L&#8217;administraci\u00f3 educativa proporcionar\u00e0 supervisi\u00f3, assessorament i orientaci\u00f3 als centres durant el proc\u00e9s de consulta.<\/p>\n\n\n\n<p>Segona. Tractament de dades de car\u00e0cter personal: Es garantix el compliment de la normativa vigent en mat\u00e8ria de protecci\u00f3 de dades personals durant tot el proc\u00e9s.<\/p>\n\n\n\n<p>Tercera. Centres afectats per la Depressi\u00f3 A\u00efllada en Nivells Alts (DANA): S&#8217;establixen mesures espec\u00edfiques per als centres i fam\u00edlies afectades per la DANA, assegurant la seua participaci\u00f3 en la consulta.<\/p>\n\n\n\n<p>Quarta. Incid\u00e8ncia pressupost\u00e0ria: L&#8217;aplicaci\u00f3 d&#8217;esta orde no tindr\u00e0 incid\u00e8ncia en la dotaci\u00f3 dels cap\u00edtols de gasto assignats a la Conselleria d&#8217;Educaci\u00f3, Cultura, Universitats i Ocupaci\u00f3, i ser\u00e0 atesa amb els mitjans personals i materials de la conselleria.<\/p>\n\n\n\n<p><strong>Disposici\u00f3 derogat\u00f2ria<\/strong><\/p>\n\n\n\n<p>\u00danica. Derogaci\u00f3 normativa: Queden derogades totes les disposicions d&#8217;igual o inferior rang que s&#8217;oposen al que s&#8217;establix en esta orde.<\/p>\n\n\n\n<p><strong>Disposicions finals<\/strong><\/p>\n\n\n\n<p>Primera. Facultats d&#8217;interpretaci\u00f3 i aplicaci\u00f3: Es faculta a la persona titular de la Direcci\u00f3 General competent en mat\u00e8ria d&#8217;ordenaci\u00f3 educativa per a dictar les instruccions necess\u00e0ries per a la interpretaci\u00f3 i aplicaci\u00f3 d&#8217;esta orde.<\/p>\n\n\n\n<p>Segona. Entrada en vigor: Esta orde entrar\u00e0 en vigor l&#8217;endem\u00e0 de la seua publicaci\u00f3 en el Diari Oficial de la Generalitat Valenciana.<\/p>\n\n\n\n<p>Este resum proporciona una visi\u00f3 general dels continguts de l&#8217;Orde 2\/2025. Per a detalls espec\u00edfics, es recomana consultar el text complet de l&#8217;orde en el Diari Oficial de la Generalitat Valenciana.<\/p>\n\n\n\n<p><\/p>\n","protected":false},"excerpt":{"rendered":"<p>La&nbsp;Orden 2\/2025, de 7 de febrero, de la Conselleria de Educaci\u00f3n, Cultura, Universidades y Empleo, regula y convoca el procedimiento de consulta a los representantes legales del alumnado para elegir la lengua base aplicable a partir del curso escolar 2025-2026, conforme a la disposici\u00f3n transitoria segunda de la Ley 1\/2024, de 27 de junio, de&#8230; <\/p>\n<div class=\"link-more\"><a href=\"https:\/\/www.santaanaalcoi.es\/?p=4214\">Lea m\u00e1s<\/a><\/div>\n","protected":false},"author":3,"featured_media":0,"comment_status":"open","ping_status":"open","sticky":false,"template":"","format":"standard","meta":{"_jetpack_memberships_contains_paid_content":false,"footnotes":""},"categories":[1],"tags":[],"class_list":["post-4214","post","type-post","status-publish","format-standard","hentry","category-sin-categoria"],"jetpack_featured_media_url":"","jetpack_sharing_enabled":true,"_links":{"self":[{"href":"https:\/\/www.santaanaalcoi.es\/index.php?rest_route=\/wp\/v2\/posts\/4214","targetHints":{"allow":["GET"]}}],"collection":[{"href":"https:\/\/www.santaanaalcoi.es\/index.php?rest_route=\/wp\/v2\/posts"}],"about":[{"href":"https:\/\/www.santaanaalcoi.es\/index.php?rest_route=\/wp\/v2\/types\/post"}],"author":[{"embeddable":true,"href":"https:\/\/www.santaanaalcoi.es\/index.php?rest_route=\/wp\/v2\/users\/3"}],"replies":[{"embeddable":true,"href":"https:\/\/www.santaanaalcoi.es\/index.php?rest_route=%2Fwp%2Fv2%2Fcomments&post=4214"}],"version-history":[{"count":0,"href":"https:\/\/www.santaanaalcoi.es\/index.php?rest_route=\/wp\/v2\/posts\/4214\/revisions"}],"wp:attachment":[{"href":"https:\/\/www.santaanaalcoi.es\/index.php?rest_route=%2Fwp%2Fv2%2Fmedia&parent=4214"}],"wp:term":[{"taxonomy":"category","embeddable":true,"href":"https:\/\/www.santaanaalcoi.es\/index.php?rest_route=%2Fwp%2Fv2%2Fcategories&post=4214"},{"taxonomy":"post_tag","embeddable":true,"href":"https:\/\/www.santaanaalcoi.es\/index.php?rest_route=%2Fwp%2Fv2%2Ftags&post=4214"}],"curies":[{"name":"wp","href":"https:\/\/api.w.org\/{rel}","templated":true}]}}