{"id":4065,"date":"2024-10-22T16:49:02","date_gmt":"2024-10-22T16:49:02","guid":{"rendered":"https:\/\/santaanaalcoiweb.wordpress.com\/?p=4065"},"modified":"2024-10-22T16:49:02","modified_gmt":"2024-10-22T16:49:02","slug":"jornadas-salud-mental","status":"publish","type":"post","link":"https:\/\/www.santaanaalcoi.es\/?p=4065","title":{"rendered":"Jornadas SALUD MENTAL"},"content":{"rendered":"\n<p><img decoding=\"async\" src=\"https:\/\/fonts.gstatic.com\/s\/e\/notoemoji\/15.1\/2728\/32.png\" alt=\"\u2728\">\u00a0Jornadas de Orientaci\u00f3n 2024-2025 en el Colegio Santa Ana\u00a0<img decoding=\"async\" src=\"https:\/\/fonts.gstatic.com\/s\/e\/notoemoji\/15.1\/2728\/32.png\" alt=\"\u2728\"><br>Este curso 2024-2025, el Departamento de Orientaci\u00f3n del Colegio Santa Ana ha organizado unas JORNADAS DE SALUD MENTAL\u00a0<img decoding=\"async\" src=\"https:\/\/fonts.gstatic.com\/s\/e\/notoemoji\/15.1\/1f9e0\/32.png\" alt=\"\ud83e\udde0\">pensadas especialmente para ayudar al alumnado y sus familias a mejorar su desarrollo emociona y personal.<img decoding=\"async\" src=\"https:\/\/fonts.gstatic.com\/s\/e\/notoemoji\/15.1\/1f4a1\/32.png\" alt=\"\ud83d\udca1\"><img decoding=\"async\" src=\"https:\/\/fonts.gstatic.com\/s\/e\/notoemoji\/15.1\/1f469_200d_1f3eb\/32.png\" alt=\"\ud83d\udc69\u200d\ud83c\udfeb\"><\/p>\n\n\n\n<p><img decoding=\"async\" src=\"https:\/\/fonts.gstatic.com\/s\/e\/notoemoji\/15.1\/1f4c5\/32.png\" alt=\"\ud83d\udcc5\">\u00a0Fechas: A lo largo de todo el curso 2024-2025 (de noviembre a mayo)<br><img decoding=\"async\" src=\"https:\/\/fonts.gstatic.com\/s\/e\/notoemoji\/15.1\/1f4cd\/32.png\" alt=\"\ud83d\udccd\">\u00a0Lugar: Colegio Santa Ana<\/p>\n\n\n\n<p>Estas jornadas ser\u00e1n un espacio de reflexi\u00f3n y aprendizaje, con expertos que ofrecer\u00e1n orientaci\u00f3n pr\u00e1ctica para cuidar el bienestar emocional de toda la familia.<br>\u00a1La salud mental empieza en casa!&nbsp;<img decoding=\"async\" alt=\"\ud83c\udfe1\" src=\"https:\/\/fonts.gstatic.com\/s\/e\/notoemoji\/15.1\/1f3e1\/32.png\"><img decoding=\"async\" alt=\"\u2728\" src=\"https:\/\/fonts.gstatic.com\/s\/e\/notoemoji\/15.1\/2728\/32.png\"><\/p>\n\n\n\n<p>\u00a1Te esperamos para construir juntos un entorno saludable y positivo!&nbsp;<img decoding=\"async\" alt=\"\ud83c\udf31\" src=\"https:\/\/fonts.gstatic.com\/s\/e\/notoemoji\/15.1\/1f331\/32.png\"><img decoding=\"async\" alt=\"\ud83d\udcac\" src=\"https:\/\/fonts.gstatic.com\/s\/e\/notoemoji\/15.1\/1f4ac\/32.png\"><\/p>\n\n\n\n<p><\/p>\n\n\n\n<figure class=\"wp-block-image size-large\"><img loading=\"lazy\" decoding=\"async\" width=\"1600\" height=\"1600\" src=\"http:\/\/www.santaanaalcoi.es\/wp-content\/uploads\/2024\/10\/image1-1.jpeg?w=1000\" alt=\"\" class=\"wp-image-4061\" srcset=\"https:\/\/www.santaanaalcoi.es\/wp-content\/uploads\/2024\/10\/image1-1.jpeg 1600w, https:\/\/www.santaanaalcoi.es\/wp-content\/uploads\/2024\/10\/image1-1-300x300.jpeg 300w, https:\/\/www.santaanaalcoi.es\/wp-content\/uploads\/2024\/10\/image1-1-1024x1024.jpeg 1024w, https:\/\/www.santaanaalcoi.es\/wp-content\/uploads\/2024\/10\/image1-1-150x150.jpeg 150w, https:\/\/www.santaanaalcoi.es\/wp-content\/uploads\/2024\/10\/image1-1-768x768.jpeg 768w, https:\/\/www.santaanaalcoi.es\/wp-content\/uploads\/2024\/10\/image1-1-1536x1536.jpeg 1536w\" sizes=\"auto, (max-width: 1600px) 100vw, 1600px\" \/><\/figure>\n","protected":false},"excerpt":{"rendered":"<p>\u00a0Jornadas de Orientaci\u00f3n 2024-2025 en el Colegio Santa Ana\u00a0Este curso 2024-2025, el Departamento de Orientaci\u00f3n del Colegio Santa Ana ha organizado unas JORNADAS DE SALUD MENTAL\u00a0pensadas especialmente para ayudar al alumnado y sus familias a mejorar su desarrollo emociona y personal. \u00a0Fechas: A lo largo de todo el curso 2024-2025 (de noviembre a mayo)\u00a0Lugar: Colegio&#8230; <\/p>\n<div class=\"link-more\"><a href=\"https:\/\/www.santaanaalcoi.es\/?p=4065\">Lea m\u00e1s<\/a><\/div>\n","protected":false},"author":3,"featured_media":0,"comment_status":"open","ping_status":"open","sticky":false,"template":"","format":"standard","meta":{"_jetpack_memberships_contains_paid_content":false,"footnotes":""},"categories":[1],"tags":[],"class_list":["post-4065","post","type-post","status-publish","format-standard","hentry","category-sin-categoria"],"jetpack_featured_media_url":"","jetpack_sharing_enabled":true,"_links":{"self":[{"href":"https:\/\/www.santaanaalcoi.es\/index.php?rest_route=\/wp\/v2\/posts\/4065","targetHints":{"allow":["GET"]}}],"collection":[{"href":"https:\/\/www.santaanaalcoi.es\/index.php?rest_route=\/wp\/v2\/posts"}],"about":[{"href":"https:\/\/www.santaanaalcoi.es\/index.php?rest_route=\/wp\/v2\/types\/post"}],"author":[{"embeddable":true,"href":"https:\/\/www.santaanaalcoi.es\/index.php?rest_route=\/wp\/v2\/users\/3"}],"replies":[{"embeddable":true,"href":"https:\/\/www.santaanaalcoi.es\/index.php?rest_route=%2Fwp%2Fv2%2Fcomments&post=4065"}],"version-history":[{"count":0,"href":"https:\/\/www.santaanaalcoi.es\/index.php?rest_route=\/wp\/v2\/posts\/4065\/revisions"}],"wp:attachment":[{"href":"https:\/\/www.santaanaalcoi.es\/index.php?rest_route=%2Fwp%2Fv2%2Fmedia&parent=4065"}],"wp:term":[{"taxonomy":"category","embeddable":true,"href":"https:\/\/www.santaanaalcoi.es\/index.php?rest_route=%2Fwp%2Fv2%2Fcategories&post=4065"},{"taxonomy":"post_tag","embeddable":true,"href":"https:\/\/www.santaanaalcoi.es\/index.php?rest_route=%2Fwp%2Fv2%2Ftags&post=4065"}],"curies":[{"name":"wp","href":"https:\/\/api.w.org\/{rel}","templated":true}]}}