{"id":374,"date":"2016-08-08T17:15:52","date_gmt":"2016-08-08T17:15:52","guid":{"rendered":"https:\/\/santaanaalcoiweb.wordpress.com\/?p=374"},"modified":"2016-08-08T17:15:52","modified_gmt":"2016-08-08T17:15:52","slug":"calendario-escolar-curso-1617","status":"publish","type":"post","link":"https:\/\/www.santaanaalcoi.es\/?p=374","title":{"rendered":"Calendario Escolar curso 16\/17"},"content":{"rendered":"<p style=\"text-align:justify;\">Ya es oficial el calendario escolar en nuestra ciudad para el curso 16\/17.<br \/>\nLas clases comenzar\u00e1n el 8 de Septiembre, En Infantil, Primaria, Secundaria, Bachillerato, y Formaci\u00f3n Profesional.<br \/>\nLas clases terminar\u00e1n el 16 de Junio de 2017 en ESO, Bachillerato y FP, y se prolongar\u00e1n hasta el 20 de Junio en Infantil y Primaria.<br \/>\nHabr\u00e1 dos &#8216;puentes&#8217;: &#8216;Todos los Santos&#8217; e &#8216;Inmaculada&#8217;, el 5 y el 7 de Diciembre habr\u00e1 clase.<br \/>\nLas vacaciones de Navidad ser\u00e1n del 23 de diciembre al 6 de e<span class=\"text_exposed_show\">nero, ambos inclusive.<br \/>\nEn Pascua, ser\u00e1n festivos del 16 al 24 de Abril de 2017, ambos incluidos.<br \/>\nSer\u00e1n festivos de Conseller\u00eda los d\u00edas:<br \/>\n&#8211; 12 de octubre: Fiesta Nacional de Espa\u00f1a<br \/>\n&#8211; 1 de Noviembre: Fiesta de Todos los Santos<br \/>\n&#8211; 6 de diciembre: D\u00eda de la Constituci\u00f3n<br \/>\n&#8211; 8 de diciembre: D\u00eda de la Inmaculada Concepci\u00f3n<br \/>\n&#8211; 1 de Mayo: Fiesta del Trabajo.<br \/>\nLa Conseller\u00eda de Educaci\u00f3n, a propuesta del Consejo Escolar Municipal, ha resuelto autorizar los tres d\u00edas de fiestas locales:<br \/>\n&#8211; 31 de Octubre.<br \/>\n&#8211; 9 de Diciembre.<br \/>\n&#8211; 25 de Abril.<\/span><\/p>\n","protected":false},"excerpt":{"rendered":"<p>Ya es oficial el calendario escolar en nuestra ciudad para el curso 16\/17. Las clases comenzar\u00e1n el 8 de Septiembre, En Infantil, Primaria, Secundaria, Bachillerato, y Formaci\u00f3n Profesional. Las clases terminar\u00e1n el 16 de Junio de 2017 en ESO, Bachillerato y FP, y se prolongar\u00e1n hasta el 20 de Junio en Infantil y Primaria. Habr\u00e1&#8230; <\/p>\n<div class=\"link-more\"><a href=\"https:\/\/www.santaanaalcoi.es\/?p=374\">Lea m\u00e1s<\/a><\/div>\n","protected":false},"author":3,"featured_media":376,"comment_status":"open","ping_status":"open","sticky":false,"template":"","format":"standard","meta":{"_jetpack_memberships_contains_paid_content":false,"footnotes":""},"categories":[1],"tags":[],"class_list":["post-374","post","type-post","status-publish","format-standard","has-post-thumbnail","hentry","category-sin-categoria"],"jetpack_featured_media_url":"https:\/\/www.santaanaalcoi.es\/wp-content\/uploads\/2016\/08\/calendario-de-feriados-520x245-1-667x325-1.jpg","jetpack_sharing_enabled":true,"_links":{"self":[{"href":"https:\/\/www.santaanaalcoi.es\/index.php?rest_route=\/wp\/v2\/posts\/374","targetHints":{"allow":["GET"]}}],"collection":[{"href":"https:\/\/www.santaanaalcoi.es\/index.php?rest_route=\/wp\/v2\/posts"}],"about":[{"href":"https:\/\/www.santaanaalcoi.es\/index.php?rest_route=\/wp\/v2\/types\/post"}],"author":[{"embeddable":true,"href":"https:\/\/www.santaanaalcoi.es\/index.php?rest_route=\/wp\/v2\/users\/3"}],"replies":[{"embeddable":true,"href":"https:\/\/www.santaanaalcoi.es\/index.php?rest_route=%2Fwp%2Fv2%2Fcomments&post=374"}],"version-history":[{"count":0,"href":"https:\/\/www.santaanaalcoi.es\/index.php?rest_route=\/wp\/v2\/posts\/374\/revisions"}],"wp:featuredmedia":[{"embeddable":true,"href":"https:\/\/www.santaanaalcoi.es\/index.php?rest_route=\/wp\/v2\/media\/376"}],"wp:attachment":[{"href":"https:\/\/www.santaanaalcoi.es\/index.php?rest_route=%2Fwp%2Fv2%2Fmedia&parent=374"}],"wp:term":[{"taxonomy":"category","embeddable":true,"href":"https:\/\/www.santaanaalcoi.es\/index.php?rest_route=%2Fwp%2Fv2%2Fcategories&post=374"},{"taxonomy":"post_tag","embeddable":true,"href":"https:\/\/www.santaanaalcoi.es\/index.php?rest_route=%2Fwp%2Fv2%2Ftags&post=374"}],"curies":[{"name":"wp","href":"https:\/\/api.w.org\/{rel}","templated":true}]}}