{"id":3613,"date":"2024-05-14T09:34:43","date_gmt":"2024-05-14T09:34:43","guid":{"rendered":"https:\/\/santaanaalcoiweb.wordpress.com\/?p=3613"},"modified":"2024-05-14T09:34:43","modified_gmt":"2024-05-14T09:34:43","slug":"confirmaciones-2024","status":"publish","type":"post","link":"https:\/\/www.santaanaalcoi.es\/?p=3613","title":{"rendered":"CONFIRMACIONES 2024"},"content":{"rendered":"\n<p>Cuatro alumnas del Colegio Santa Ana &nbsp;han tomado el sacramento de la confirmaci\u00f3n en una emotiva ceremonia que tuvo lugar el pasado 4 de mayo en la Parroquia de Santa Rosa.<\/p>\n\n\n\n<p>Estas j\u00f3venes: Laura Sell\u00e9s, Silvia Llorens, Ana Gen\u00eds y Fabiola Gen\u00eds &nbsp;decidieron dar un paso m\u00e1s en su fe cat\u00f3lica y comprometerse con la Iglesia a trav\u00e9s de este importante sacramento.<\/p>\n\n\n\n<p>La ceremonia se destac\u00f3 la importancia de este momento en la vida de las j\u00f3venes anim\u00e1ndolas a seguir creciendo en su fe y en su compromiso con la comunidad.<\/p>\n\n\n\n<p>Las alumnas, visiblemente emocionadas, recibieron la confirmaci\u00f3n con alegr\u00eda y gratitud, rodeadas de sus familiares y compa\u00f1eros de colegio.<\/p>\n\n\n\n<p>El Colegio se enorgullece de contar con alumnas comprometidas con su fe y con los valores que promueve la instituci\u00f3n, y les desea un futuro lleno \u00e9xitos en su camino de fe.<\/p>\n\n\n\n<figure class=\"wp-block-image size-large\"><img loading=\"lazy\" decoding=\"async\" width=\"1080\" height=\"1920\" src=\"https:\/\/santaanaalcoiweb.wordpress.com\/wp-content\/uploads\/2024\/05\/img_8382.png?w=576\" alt=\"\" class=\"wp-image-3616\" srcset=\"https:\/\/www.santaanaalcoi.es\/wp-content\/uploads\/2024\/05\/img_8382.png 1080w, https:\/\/www.santaanaalcoi.es\/wp-content\/uploads\/2024\/05\/img_8382-169x300.png 169w, https:\/\/www.santaanaalcoi.es\/wp-content\/uploads\/2024\/05\/img_8382-576x1024.png 576w, https:\/\/www.santaanaalcoi.es\/wp-content\/uploads\/2024\/05\/img_8382-768x1365.png 768w, https:\/\/www.santaanaalcoi.es\/wp-content\/uploads\/2024\/05\/img_8382-864x1536.png 864w\" sizes=\"auto, (max-width: 1080px) 100vw, 1080px\" \/><\/figure>\n","protected":false},"excerpt":{"rendered":"<p>Cuatro alumnas del Colegio Santa Ana &nbsp;han tomado el sacramento de la confirmaci\u00f3n en una emotiva ceremonia que tuvo lugar el pasado 4 de mayo en la Parroquia de Santa Rosa. Estas j\u00f3venes: Laura Sell\u00e9s, Silvia Llorens, Ana Gen\u00eds y Fabiola Gen\u00eds &nbsp;decidieron dar un paso m\u00e1s en su fe cat\u00f3lica y comprometerse con la&#8230; <\/p>\n<div class=\"link-more\"><a href=\"https:\/\/www.santaanaalcoi.es\/?p=3613\">Lea m\u00e1s<\/a><\/div>\n","protected":false},"author":3,"featured_media":0,"comment_status":"open","ping_status":"open","sticky":false,"template":"","format":"standard","meta":{"_jetpack_memberships_contains_paid_content":false,"footnotes":""},"categories":[1],"tags":[],"class_list":["post-3613","post","type-post","status-publish","format-standard","hentry","category-sin-categoria"],"jetpack_featured_media_url":"","jetpack_sharing_enabled":true,"_links":{"self":[{"href":"https:\/\/www.santaanaalcoi.es\/index.php?rest_route=\/wp\/v2\/posts\/3613","targetHints":{"allow":["GET"]}}],"collection":[{"href":"https:\/\/www.santaanaalcoi.es\/index.php?rest_route=\/wp\/v2\/posts"}],"about":[{"href":"https:\/\/www.santaanaalcoi.es\/index.php?rest_route=\/wp\/v2\/types\/post"}],"author":[{"embeddable":true,"href":"https:\/\/www.santaanaalcoi.es\/index.php?rest_route=\/wp\/v2\/users\/3"}],"replies":[{"embeddable":true,"href":"https:\/\/www.santaanaalcoi.es\/index.php?rest_route=%2Fwp%2Fv2%2Fcomments&post=3613"}],"version-history":[{"count":0,"href":"https:\/\/www.santaanaalcoi.es\/index.php?rest_route=\/wp\/v2\/posts\/3613\/revisions"}],"wp:attachment":[{"href":"https:\/\/www.santaanaalcoi.es\/index.php?rest_route=%2Fwp%2Fv2%2Fmedia&parent=3613"}],"wp:term":[{"taxonomy":"category","embeddable":true,"href":"https:\/\/www.santaanaalcoi.es\/index.php?rest_route=%2Fwp%2Fv2%2Fcategories&post=3613"},{"taxonomy":"post_tag","embeddable":true,"href":"https:\/\/www.santaanaalcoi.es\/index.php?rest_route=%2Fwp%2Fv2%2Ftags&post=3613"}],"curies":[{"name":"wp","href":"https:\/\/api.w.org\/{rel}","templated":true}]}}