{"id":3206,"date":"2024-01-31T15:53:56","date_gmt":"2024-01-31T15:53:56","guid":{"rendered":"https:\/\/santaanaalcoiweb.wordpress.com\/?p=3206"},"modified":"2024-01-31T15:53:56","modified_gmt":"2024-01-31T15:53:56","slug":"sprint-trail-y-ecomarcha","status":"publish","type":"post","link":"https:\/\/www.santaanaalcoi.es\/?p=3206","title":{"rendered":"SPRINT TRAIL Y ECOMARCHA"},"content":{"rendered":"\n<p>Estimadas familias:<br>Os informamos de que ya tenemos en marcha las inscripciones para una nueva edici\u00f3n de nuestro<strong> Sprint Trail Solidario &amp; ECO Marcha.<\/strong><br>Ya sab\u00e9is que es un d\u00eda muy especial, en el que nuestro Colegio se convierte en una\u2002fiesta del deporte  y de la solidaridad, con un ambiente familiar magn\u00edfico.<\/p>\n\n\n\n<p>Al finalizar las diversas pruebas (Sprint, Senderistas, Marcha N\u00f3rdica) y la ECO Marcha familiar (limpieza del sendero del r\u00edo), nos reunimos alrededor de la zona de avituallamiento, en la que disfrutamos de una s\u00faper barbacoa, fruta, bebidas, pizzas, etc. preparada y servida por profes del cole, familias y miembros del AMPA que colaboran como voluntarios.<br>Este a\u00f1o la prueba la celebraremos el <strong>Domingo 25 de Febrero.<\/strong><br>Aqu\u00ed os dejamos el enlace directo a la web de las inscripciones\u00a0<a href=\"https:\/\/www.mychip.es\/e\/sprint-trail-eco-marcha-colegio-santa-ana-24\/register\" target=\"_blank\" rel=\"noreferrer noopener\">https:\/\/www.mychip.es\/e\/sprint-trail-eco-marcha-colegio-santa-ana-24\/register<\/a><\/p>\n\n\n\n<p>Recordad que si no pod\u00e9is venir, tambi\u00e9n pod\u00e9is hacer vuestra donaci\u00f3n a trav\u00e9s de Dorsal 0 (es muy necesaria).<br>Recordad que, el <strong>100%<\/strong> de nuestra recaudaci\u00f3n de este a\u00f1o ir\u00e1 destinada a GORMAGET (Aspromin), para la ayuda en la compra de una furgoneta adaptada.<br>Un saludo<br>Equipo Organizador Sprint Trail Santa Ana SR<\/p>\n","protected":false},"excerpt":{"rendered":"<p>Estimadas familias:Os informamos de que ya tenemos en marcha las inscripciones para una nueva edici\u00f3n de nuestro Sprint Trail Solidario &amp; ECO Marcha.Ya sab\u00e9is que es un d\u00eda muy especial, en el que nuestro Colegio se convierte en una\u2002fiesta del deporte y de la solidaridad, con un ambiente familiar magn\u00edfico. Al finalizar las diversas pruebas&#8230; <\/p>\n<div class=\"link-more\"><a href=\"https:\/\/www.santaanaalcoi.es\/?p=3206\">Lea m\u00e1s<\/a><\/div>\n","protected":false},"author":3,"featured_media":3208,"comment_status":"open","ping_status":"open","sticky":false,"template":"","format":"standard","meta":{"_jetpack_memberships_contains_paid_content":false,"footnotes":""},"categories":[1],"tags":[],"class_list":["post-3206","post","type-post","status-publish","format-standard","has-post-thumbnail","hentry","category-sin-categoria"],"jetpack_featured_media_url":"https:\/\/www.santaanaalcoi.es\/wp-content\/uploads\/2024\/01\/image0-1.jpeg","jetpack_sharing_enabled":true,"_links":{"self":[{"href":"https:\/\/www.santaanaalcoi.es\/index.php?rest_route=\/wp\/v2\/posts\/3206","targetHints":{"allow":["GET"]}}],"collection":[{"href":"https:\/\/www.santaanaalcoi.es\/index.php?rest_route=\/wp\/v2\/posts"}],"about":[{"href":"https:\/\/www.santaanaalcoi.es\/index.php?rest_route=\/wp\/v2\/types\/post"}],"author":[{"embeddable":true,"href":"https:\/\/www.santaanaalcoi.es\/index.php?rest_route=\/wp\/v2\/users\/3"}],"replies":[{"embeddable":true,"href":"https:\/\/www.santaanaalcoi.es\/index.php?rest_route=%2Fwp%2Fv2%2Fcomments&post=3206"}],"version-history":[{"count":0,"href":"https:\/\/www.santaanaalcoi.es\/index.php?rest_route=\/wp\/v2\/posts\/3206\/revisions"}],"wp:featuredmedia":[{"embeddable":true,"href":"https:\/\/www.santaanaalcoi.es\/index.php?rest_route=\/wp\/v2\/media\/3208"}],"wp:attachment":[{"href":"https:\/\/www.santaanaalcoi.es\/index.php?rest_route=%2Fwp%2Fv2%2Fmedia&parent=3206"}],"wp:term":[{"taxonomy":"category","embeddable":true,"href":"https:\/\/www.santaanaalcoi.es\/index.php?rest_route=%2Fwp%2Fv2%2Fcategories&post=3206"},{"taxonomy":"post_tag","embeddable":true,"href":"https:\/\/www.santaanaalcoi.es\/index.php?rest_route=%2Fwp%2Fv2%2Ftags&post=3206"}],"curies":[{"name":"wp","href":"https:\/\/api.w.org\/{rel}","templated":true}]}}