{"id":2826,"date":"2023-03-06T14:21:39","date_gmt":"2023-03-06T14:21:39","guid":{"rendered":"https:\/\/santaanaalcoiweb.wordpress.com\/?p=2826"},"modified":"2023-03-06T14:21:39","modified_gmt":"2023-03-06T14:21:39","slug":"ii-sang-valenti-diocesa","status":"publish","type":"post","link":"https:\/\/www.santaanaalcoi.es\/?p=2826","title":{"rendered":"II Sang Valent\u00ed Dioces\u00e0"},"content":{"rendered":"\n<p class=\"has-text-align-left\">Un any m\u00e9s, el projecte d&#8217;aprenentatge i servei (APS)&nbsp;<strong>II&nbsp;Sang&nbsp;Valent\u00ed&nbsp;Dioces\u00e0<\/strong>&nbsp;ha sigut un \u00e8xit.<br>Aquesta campanya de donaci\u00f3 de sang ha superat les nostres expectatives i estem molt orgullosos de formar part d&#8217;aquesta iniciativa juntament amb altres col\u00b7legis diocesans d&#8217;Alcoi.<\/p>\n\n\n\n<p class=\"has-text-align-left\">Aix\u00f2 no hauria sigut possible sense l&#8217;ajuda de docents, PAS, fam\u00edlies i col\u00b7laboracions com&nbsp;Serunion&nbsp;Educa.<\/p>\n\n\n\n<p class=\"has-text-align-left\">Enguany hem sigut centre de donaci\u00f3 i ha sigut una experi\u00e8ncia molt enriquidora per als nostres alumnes.<\/p>\n\n\n\n<p><\/p>\n\n\n\n<p class=\"has-text-align-left\"><br>En el nostre YouTube podeu trobar un v\u00eddeo de tot el viscut en aquest projecte<\/p>\n\n\n\n<figure class=\"wp-block-embed is-type-video is-provider-youtube wp-block-embed-youtube wp-embed-aspect-16-9 wp-has-aspect-ratio\"><div class=\"wp-block-embed__wrapper\">\n<div class=\"jetpack-video-wrapper\"><div class=\"embed-youtube\"><iframe loading=\"lazy\" title=\"II SANG VALENT\u00cd DIOCES\u00c0 COL\u00b7LEGI SANTA ANA ALCOI\" width=\"1000\" height=\"563\" src=\"https:\/\/www.youtube.com\/embed\/9JRKL_y1ykQ?start=47&#038;feature=oembed\" frameborder=\"0\" allow=\"accelerometer; autoplay; clipboard-write; encrypted-media; gyroscope; picture-in-picture; web-share\" referrerpolicy=\"strict-origin-when-cross-origin\" allowfullscreen><\/iframe><\/div><\/div>\n<\/div><\/figure>\n\n\n\n<p class=\"has-text-align-left\"><br>Tan sols ens queda donar les gr\u00e0cies a tots els donants. <\/p>\n\n\n\n<p class=\"has-text-align-left\"><strong>DONAR SANG, SALVA VIDES!<\/strong><\/p>\n\n\n\n<p><\/p>\n\n\n\n<p><\/p>\n\n\n\n<p><\/p>\n\n\n\n\n\n\n\n\n\n\n\n\n\n<figure class=\"wp-block-gallery has-nested-images columns-default is-cropped wp-block-gallery-1 is-layout-flex wp-block-gallery-is-layout-flex\"><\/figure>\n\n\n\n\n","protected":false},"excerpt":{"rendered":"<p>Un any m\u00e9s, el projecte d&#8217;aprenentatge i servei (APS)&nbsp;II&nbsp;Sang&nbsp;Valent\u00ed&nbsp;Dioces\u00e0&nbsp;ha sigut un \u00e8xit.Aquesta campanya de donaci\u00f3 de sang ha superat les nostres expectatives i estem molt orgullosos de formar part d&#8217;aquesta iniciativa juntament amb altres col\u00b7legis diocesans d&#8217;Alcoi. Aix\u00f2 no hauria sigut possible sense l&#8217;ajuda de docents, PAS, fam\u00edlies i col\u00b7laboracions com&nbsp;Serunion&nbsp;Educa. Enguany hem sigut centre&#8230; <\/p>\n<div class=\"link-more\"><a href=\"https:\/\/www.santaanaalcoi.es\/?p=2826\">Lea m\u00e1s<\/a><\/div>\n","protected":false},"author":3,"featured_media":2832,"comment_status":"open","ping_status":"open","sticky":false,"template":"","format":"standard","meta":{"_jetpack_memberships_contains_paid_content":false,"footnotes":""},"categories":[1],"tags":[],"class_list":["post-2826","post","type-post","status-publish","format-standard","has-post-thumbnail","hentry","category-sin-categoria"],"jetpack_featured_media_url":"https:\/\/www.santaanaalcoi.es\/wp-content\/uploads\/2023\/03\/27aadb50-1f98-4cbe-a64a-39e19e26e297.jpg","jetpack_sharing_enabled":true,"_links":{"self":[{"href":"https:\/\/www.santaanaalcoi.es\/index.php?rest_route=\/wp\/v2\/posts\/2826","targetHints":{"allow":["GET"]}}],"collection":[{"href":"https:\/\/www.santaanaalcoi.es\/index.php?rest_route=\/wp\/v2\/posts"}],"about":[{"href":"https:\/\/www.santaanaalcoi.es\/index.php?rest_route=\/wp\/v2\/types\/post"}],"author":[{"embeddable":true,"href":"https:\/\/www.santaanaalcoi.es\/index.php?rest_route=\/wp\/v2\/users\/3"}],"replies":[{"embeddable":true,"href":"https:\/\/www.santaanaalcoi.es\/index.php?rest_route=%2Fwp%2Fv2%2Fcomments&post=2826"}],"version-history":[{"count":0,"href":"https:\/\/www.santaanaalcoi.es\/index.php?rest_route=\/wp\/v2\/posts\/2826\/revisions"}],"wp:featuredmedia":[{"embeddable":true,"href":"https:\/\/www.santaanaalcoi.es\/index.php?rest_route=\/wp\/v2\/media\/2832"}],"wp:attachment":[{"href":"https:\/\/www.santaanaalcoi.es\/index.php?rest_route=%2Fwp%2Fv2%2Fmedia&parent=2826"}],"wp:term":[{"taxonomy":"category","embeddable":true,"href":"https:\/\/www.santaanaalcoi.es\/index.php?rest_route=%2Fwp%2Fv2%2Fcategories&post=2826"},{"taxonomy":"post_tag","embeddable":true,"href":"https:\/\/www.santaanaalcoi.es\/index.php?rest_route=%2Fwp%2Fv2%2Ftags&post=2826"}],"curies":[{"name":"wp","href":"https:\/\/api.w.org\/{rel}","templated":true}]}}