{"id":2636,"date":"2023-02-02T19:11:18","date_gmt":"2023-02-02T19:11:18","guid":{"rendered":"https:\/\/santaanaalcoiweb.wordpress.com\/?p=2636"},"modified":"2023-02-02T19:11:18","modified_gmt":"2023-02-02T19:11:18","slug":"sprint-trail-eco-marcha-2023","status":"publish","type":"post","link":"https:\/\/www.santaanaalcoi.es\/?p=2636","title":{"rendered":"Sprint Trail &amp; ECO Marcha 2023"},"content":{"rendered":"\n<p>Queridas familias:<\/p>\n\n\n\n<p>Os informamos de que ya tenemos abiertas las inscripciones para nuestra tercera edici\u00f3n del Sprint Trail Solidario &amp; Eco MarchaSanta Ana SR.<\/p>\n\n\n\n<p>Una edici\u00f3n en la que podr\u00e9is participar corriendo o caminando en la prueba de 11 kms, o bien, paseando en nuestra Eco Marcha familiar de unos 4 kms.<\/p>\n\n\n\n<p>Ya sab\u00e9is que el a\u00f1o pasado recaudamos entre todos 8600 euros, que fueron donados a SOLC, y que han invertido en un proyecto de soporte psicosocial para j\u00f3venes en tratamiento oncol\u00f3gico (ayuda psicol\u00f3gica, nutricional, fisioterap\u00e9utica\u2026).<\/p>\n\n\n\n<p>Este a\u00f1o hemos decidido enfocar todas nuestra fuerzas en ayudar a la ASOCIACI\u00d3N DE ALZHEIMER DE ALCOY Y COMARCA, as\u00ed que contamos con toda la comunidad educativa del Colegio Santa Ana, para conseguir superar esa recaudaci\u00f3n.<\/p>\n\n\n\n<p>\u00bfC\u00f3mo pod\u00e9is colaborar?<\/p>\n\n\n\n<p>La mejor forma de hacerlo es realizando vuestra inscripci\u00f3n en alguna de las modalidades (cu\u00e1ntos m\u00e1s se\u00e1is, mucho mejor).<\/p>\n\n\n\n<p>En caso de no poder asistir, tambi\u00e9n ten\u00e9is la opci\u00f3n de hacer una donaci\u00f3n a trav\u00e9s de DORSAL 0, con la cantidad que vosotros quer\u00e1is.<\/p>\n\n\n\n<p>As\u00ed que esta vez no hay excusas para ser solidarios y colaborar\u2026<\/p>\n\n\n\n<p>Aqu\u00ed os dejamos el enlace para hacer las inscripciones o donaciones.<\/p>\n\n\n\n<p><a href=\"https:\/\/www.mychip.es\/inscripcion-rts\/84ccdb8d-7903-410a-a8de-2da9cad3ddcd\" target=\"_blank\" rel=\"noreferrer noopener\">https:\/\/www.mychip.es\/inscripcion-rts\/84ccdb8d-7903-410a-a8de-2da9cad3ddcd<\/a><\/p>\n\n\n\n<p>PD: tambi\u00e9n os agradecer\u00edamos que si, a nivel particular, conoc\u00e9is alguna empresa que pueda colaborar econ\u00f3micamente con cualquier cantidad (nosotros le haremos publicidad en nuestras redes sociales de la carrera), nos lo hag\u00e1is saber contactando con Gonzalo gonzaloolcina@santaanaalcoi.com<\/p>\n\n\n\n<p>\u00a1Much\u00edsimas gracias!<\/p>\n\n\n\n<p>Equipo Organizador SPRINT TRAIL &amp; ECO MARCHA SANTA ANA SR<\/p>\n","protected":false},"excerpt":{"rendered":"<p>Queridas familias: Os informamos de que ya tenemos abiertas las inscripciones para nuestra tercera edici\u00f3n del Sprint Trail Solidario &amp; Eco MarchaSanta Ana SR. Una edici\u00f3n en la que podr\u00e9is participar corriendo o caminando en la prueba de 11 kms, o bien, paseando en nuestra Eco Marcha familiar de unos 4 kms. Ya sab\u00e9is que&#8230; <\/p>\n<div class=\"link-more\"><a href=\"https:\/\/www.santaanaalcoi.es\/?p=2636\">Lea m\u00e1s<\/a><\/div>\n","protected":false},"author":3,"featured_media":2638,"comment_status":"open","ping_status":"open","sticky":false,"template":"","format":"standard","meta":{"_jetpack_memberships_contains_paid_content":false,"footnotes":""},"categories":[1],"tags":[],"class_list":["post-2636","post","type-post","status-publish","format-standard","has-post-thumbnail","hentry","category-sin-categoria"],"jetpack_featured_media_url":"https:\/\/www.santaanaalcoi.es\/wp-content\/uploads\/2023\/02\/cartel-sprint-trail-2023-scaled.jpg","jetpack_sharing_enabled":true,"_links":{"self":[{"href":"https:\/\/www.santaanaalcoi.es\/index.php?rest_route=\/wp\/v2\/posts\/2636","targetHints":{"allow":["GET"]}}],"collection":[{"href":"https:\/\/www.santaanaalcoi.es\/index.php?rest_route=\/wp\/v2\/posts"}],"about":[{"href":"https:\/\/www.santaanaalcoi.es\/index.php?rest_route=\/wp\/v2\/types\/post"}],"author":[{"embeddable":true,"href":"https:\/\/www.santaanaalcoi.es\/index.php?rest_route=\/wp\/v2\/users\/3"}],"replies":[{"embeddable":true,"href":"https:\/\/www.santaanaalcoi.es\/index.php?rest_route=%2Fwp%2Fv2%2Fcomments&post=2636"}],"version-history":[{"count":0,"href":"https:\/\/www.santaanaalcoi.es\/index.php?rest_route=\/wp\/v2\/posts\/2636\/revisions"}],"wp:featuredmedia":[{"embeddable":true,"href":"https:\/\/www.santaanaalcoi.es\/index.php?rest_route=\/wp\/v2\/media\/2638"}],"wp:attachment":[{"href":"https:\/\/www.santaanaalcoi.es\/index.php?rest_route=%2Fwp%2Fv2%2Fmedia&parent=2636"}],"wp:term":[{"taxonomy":"category","embeddable":true,"href":"https:\/\/www.santaanaalcoi.es\/index.php?rest_route=%2Fwp%2Fv2%2Fcategories&post=2636"},{"taxonomy":"post_tag","embeddable":true,"href":"https:\/\/www.santaanaalcoi.es\/index.php?rest_route=%2Fwp%2Fv2%2Ftags&post=2636"}],"curies":[{"name":"wp","href":"https:\/\/api.w.org\/{rel}","templated":true}]}}