{"id":2605,"date":"2022-11-24T19:09:34","date_gmt":"2022-11-24T19:09:34","guid":{"rendered":"https:\/\/santaanaalcoiweb.wordpress.com\/?p=2605"},"modified":"2022-11-24T19:09:34","modified_gmt":"2022-11-24T19:09:34","slug":"__trashed","status":"publish","type":"post","link":"https:\/\/www.santaanaalcoi.es\/?p=2605","title":{"rendered":"Actividades de Navidad"},"content":{"rendered":"\n<p class=\"has-text-align-left has-medium-font-size\">\u00a1Ya huele a Navidad! Y estamos preparando actividades muy especiales para este mes de diciembre. \u00a1Qu\u00e9 ilusi\u00f3n!<br>Aqu\u00ed os dejamos toda la programaci\u00f3n de actividades.<\/p>\n\n\n\n<figure class=\"wp-block-image size-large\"><img loading=\"lazy\" decoding=\"async\" width=\"1587\" height=\"2245\" src=\"https:\/\/santaanaalcoiweb.wordpress.com\/wp-content\/uploads\/2022\/11\/poster-actividades-calendario-programa-de-navidad-infantil-colorido-doodle-rojo-y-verde.jpg?w=724\" alt=\"\" class=\"wp-image-2607\" srcset=\"https:\/\/www.santaanaalcoi.es\/wp-content\/uploads\/2022\/11\/poster-actividades-calendario-programa-de-navidad-infantil-colorido-doodle-rojo-y-verde.jpg 1587w, https:\/\/www.santaanaalcoi.es\/wp-content\/uploads\/2022\/11\/poster-actividades-calendario-programa-de-navidad-infantil-colorido-doodle-rojo-y-verde-212x300.jpg 212w, https:\/\/www.santaanaalcoi.es\/wp-content\/uploads\/2022\/11\/poster-actividades-calendario-programa-de-navidad-infantil-colorido-doodle-rojo-y-verde-724x1024.jpg 724w, https:\/\/www.santaanaalcoi.es\/wp-content\/uploads\/2022\/11\/poster-actividades-calendario-programa-de-navidad-infantil-colorido-doodle-rojo-y-verde-768x1086.jpg 768w, https:\/\/www.santaanaalcoi.es\/wp-content\/uploads\/2022\/11\/poster-actividades-calendario-programa-de-navidad-infantil-colorido-doodle-rojo-y-verde-1086x1536.jpg 1086w, https:\/\/www.santaanaalcoi.es\/wp-content\/uploads\/2022\/11\/poster-actividades-calendario-programa-de-navidad-infantil-colorido-doodle-rojo-y-verde-1448x2048.jpg 1448w\" sizes=\"auto, (max-width: 1587px) 100vw, 1587px\" \/><\/figure>\n","protected":false},"excerpt":{"rendered":"<p>\u00a1Ya huele a Navidad! Y estamos preparando actividades muy especiales para este mes de diciembre. \u00a1Qu\u00e9 ilusi\u00f3n!Aqu\u00ed os dejamos toda la programaci\u00f3n de actividades.<\/p>\n","protected":false},"author":3,"featured_media":2607,"comment_status":"open","ping_status":"open","sticky":false,"template":"","format":"standard","meta":{"_jetpack_memberships_contains_paid_content":false,"footnotes":""},"categories":[1],"tags":[],"class_list":["post-2605","post","type-post","status-publish","format-standard","has-post-thumbnail","hentry","category-sin-categoria"],"jetpack_featured_media_url":"https:\/\/www.santaanaalcoi.es\/wp-content\/uploads\/2022\/11\/poster-actividades-calendario-programa-de-navidad-infantil-colorido-doodle-rojo-y-verde.jpg","jetpack_sharing_enabled":true,"_links":{"self":[{"href":"https:\/\/www.santaanaalcoi.es\/index.php?rest_route=\/wp\/v2\/posts\/2605","targetHints":{"allow":["GET"]}}],"collection":[{"href":"https:\/\/www.santaanaalcoi.es\/index.php?rest_route=\/wp\/v2\/posts"}],"about":[{"href":"https:\/\/www.santaanaalcoi.es\/index.php?rest_route=\/wp\/v2\/types\/post"}],"author":[{"embeddable":true,"href":"https:\/\/www.santaanaalcoi.es\/index.php?rest_route=\/wp\/v2\/users\/3"}],"replies":[{"embeddable":true,"href":"https:\/\/www.santaanaalcoi.es\/index.php?rest_route=%2Fwp%2Fv2%2Fcomments&post=2605"}],"version-history":[{"count":0,"href":"https:\/\/www.santaanaalcoi.es\/index.php?rest_route=\/wp\/v2\/posts\/2605\/revisions"}],"wp:featuredmedia":[{"embeddable":true,"href":"https:\/\/www.santaanaalcoi.es\/index.php?rest_route=\/wp\/v2\/media\/2607"}],"wp:attachment":[{"href":"https:\/\/www.santaanaalcoi.es\/index.php?rest_route=%2Fwp%2Fv2%2Fmedia&parent=2605"}],"wp:term":[{"taxonomy":"category","embeddable":true,"href":"https:\/\/www.santaanaalcoi.es\/index.php?rest_route=%2Fwp%2Fv2%2Fcategories&post=2605"},{"taxonomy":"post_tag","embeddable":true,"href":"https:\/\/www.santaanaalcoi.es\/index.php?rest_route=%2Fwp%2Fv2%2Ftags&post=2605"}],"curies":[{"name":"wp","href":"https:\/\/api.w.org\/{rel}","templated":true}]}}