{"id":2498,"date":"2022-04-07T14:07:42","date_gmt":"2022-04-07T14:07:42","guid":{"rendered":"https:\/\/santaanaalcoiweb.wordpress.com\/?p=2498"},"modified":"2022-04-07T14:07:42","modified_gmt":"2022-04-07T14:07:42","slug":"calendario-admision-curso-22-23","status":"publish","type":"post","link":"https:\/\/www.santaanaalcoi.es\/?p=2498","title":{"rendered":"Calendario Admisi\u00f3n Curso 22\/23"},"content":{"rendered":"\n<p>Aqu\u00ed os dejamos el calendario de admisi\u00f3n para el pr\u00f3ximo curso 22\/23. Os iremos manteniendo informados de todas las novedades en este proceso. Si ten\u00e9is cualquier duda nos pod\u00e9is llamar al tel\u00e9fono 965332228, en horario de secretar\u00eda, y os atenderemos gustosamente.<\/p>\n\n\n\n<figure class=\"wp-block-image size-large\"><img loading=\"lazy\" decoding=\"async\" width=\"1080\" height=\"1080\" src=\"https:\/\/santaanaalcoiweb.wordpress.com\/wp-content\/uploads\/2022\/04\/277785144_6365495420225195_6704401371740490869_n.jpg?w=1000\" alt=\"\" class=\"wp-image-2497\" srcset=\"https:\/\/www.santaanaalcoi.es\/wp-content\/uploads\/2022\/04\/277785144_6365495420225195_6704401371740490869_n.jpg 1080w, https:\/\/www.santaanaalcoi.es\/wp-content\/uploads\/2022\/04\/277785144_6365495420225195_6704401371740490869_n-300x300.jpg 300w, https:\/\/www.santaanaalcoi.es\/wp-content\/uploads\/2022\/04\/277785144_6365495420225195_6704401371740490869_n-1024x1024.jpg 1024w, https:\/\/www.santaanaalcoi.es\/wp-content\/uploads\/2022\/04\/277785144_6365495420225195_6704401371740490869_n-150x150.jpg 150w, https:\/\/www.santaanaalcoi.es\/wp-content\/uploads\/2022\/04\/277785144_6365495420225195_6704401371740490869_n-768x768.jpg 768w\" sizes=\"auto, (max-width: 1080px) 100vw, 1080px\" \/><\/figure>\n","protected":false},"excerpt":{"rendered":"<p>Aqu\u00ed os dejamos el calendario de admisi\u00f3n para el pr\u00f3ximo curso 22\/23. Os iremos manteniendo informados de todas las novedades en este proceso. Si ten\u00e9is cualquier duda nos pod\u00e9is llamar al tel\u00e9fono 965332228, en horario de secretar\u00eda, y os atenderemos gustosamente.<\/p>\n","protected":false},"author":3,"featured_media":2497,"comment_status":"open","ping_status":"open","sticky":false,"template":"","format":"standard","meta":{"_jetpack_memberships_contains_paid_content":false,"footnotes":""},"categories":[1],"tags":[],"class_list":["post-2498","post","type-post","status-publish","format-standard","has-post-thumbnail","hentry","category-sin-categoria"],"jetpack_featured_media_url":"https:\/\/www.santaanaalcoi.es\/wp-content\/uploads\/2022\/04\/277785144_6365495420225195_6704401371740490869_n.jpg","jetpack_sharing_enabled":true,"_links":{"self":[{"href":"https:\/\/www.santaanaalcoi.es\/index.php?rest_route=\/wp\/v2\/posts\/2498","targetHints":{"allow":["GET"]}}],"collection":[{"href":"https:\/\/www.santaanaalcoi.es\/index.php?rest_route=\/wp\/v2\/posts"}],"about":[{"href":"https:\/\/www.santaanaalcoi.es\/index.php?rest_route=\/wp\/v2\/types\/post"}],"author":[{"embeddable":true,"href":"https:\/\/www.santaanaalcoi.es\/index.php?rest_route=\/wp\/v2\/users\/3"}],"replies":[{"embeddable":true,"href":"https:\/\/www.santaanaalcoi.es\/index.php?rest_route=%2Fwp%2Fv2%2Fcomments&post=2498"}],"version-history":[{"count":0,"href":"https:\/\/www.santaanaalcoi.es\/index.php?rest_route=\/wp\/v2\/posts\/2498\/revisions"}],"wp:featuredmedia":[{"embeddable":true,"href":"https:\/\/www.santaanaalcoi.es\/index.php?rest_route=\/wp\/v2\/media\/2497"}],"wp:attachment":[{"href":"https:\/\/www.santaanaalcoi.es\/index.php?rest_route=%2Fwp%2Fv2%2Fmedia&parent=2498"}],"wp:term":[{"taxonomy":"category","embeddable":true,"href":"https:\/\/www.santaanaalcoi.es\/index.php?rest_route=%2Fwp%2Fv2%2Fcategories&post=2498"},{"taxonomy":"post_tag","embeddable":true,"href":"https:\/\/www.santaanaalcoi.es\/index.php?rest_route=%2Fwp%2Fv2%2Ftags&post=2498"}],"curies":[{"name":"wp","href":"https:\/\/api.w.org\/{rel}","templated":true}]}}