{"id":2489,"date":"2022-03-04T17:11:47","date_gmt":"2022-03-04T17:11:47","guid":{"rendered":"https:\/\/santaanaalcoiweb.wordpress.com\/?p=2489"},"modified":"2022-03-04T17:11:47","modified_gmt":"2022-03-04T17:11:47","slug":"quieres-conocer-nuestra-escoleta-puertas-abiertas-2022","status":"publish","type":"post","link":"https:\/\/www.santaanaalcoi.es\/?p=2489","title":{"rendered":"\u00bfQuieres conocer nuestra Escoleta? Puertas abiertas 2022"},"content":{"rendered":"\n<p>\u00bfQuieres conocer nuestra Escoleta?<\/p>\n\n\n\n<p>El d\u00eda 26 de Marzo abrimos nuestras puertas para presentaros nuestras instalaciones, nuestra metodolog\u00eda de trabajo, nuestro equipo\u2026 y todo aquello que necesites saber.<\/p>\n\n\n\n<p>Para poder asistir debes rellenar el formulario pinchando en este link <a href=\"https:\/\/forms.gle\/wauEzJ6rNkf8sT4Y9\">https:\/\/forms.gle\/wauEzJ6rNkf8sT4Y9<\/a> . M\u00e1s tarde se os avisar\u00e1 del horario v\u00eda email o por tel\u00e9fono.\u00a0<\/p>\n\n\n\n<p>Recuerda que nuestra Escoleta ofrece plazas para alumnos y alumnas de 1-3 a\u00f1os \ud83d\udc67\ud83c\udffc\ud83d\udc76\ud83c\udffb. Para el pr\u00f3ximo curso 2022-2023 las plazas estar\u00e1n disponibles para nacidos\/as en 2020 y 2021.&nbsp;<\/p>\n\n\n\n<p>Para cualquier duda puedes ponerte en contacto en el correo: carmenbernabeu@santaanaalcoi.com<\/p>\n\n\n\n<p>Os esperamos \u2665\ufe0f<\/p>\n\n\n\n<p><a href=\"https:\/\/www.instagram.com\/explore\/tags\/santaanaalcoi\/\">#santaAnaAlcoi<\/a><a href=\"https:\/\/www.instagram.com\/explore\/tags\/escoletasantaana\/\"> #EscoletaSantaAna<\/a><a href=\"https:\/\/www.instagram.com\/explore\/tags\/mochilasparalavida\/\">  #mochilasparalavida<\/a><a href=\"https:\/\/www.instagram.com\/explore\/tags\/dondecrecenlossue%C3%B1os\/\"> #dondecrecenlossue\u00f1os<\/a><a href=\"https:\/\/www.instagram.com\/explore\/tags\/primercicloinfantil\/\"> #primercicloinfantil<\/a><a href=\"https:\/\/www.instagram.com\/explore\/tags\/alcoi\/\"> #Alcoi<\/a><a href=\"https:\/\/www.instagram.com\/explore\/tags\/alcoy\/\"> #Alcoy<\/a><a href=\"https:\/\/www.instagram.com\/explore\/tags\/escuelainfantil\/\"> #escuelainfantil<\/a><a href=\"https:\/\/www.instagram.com\/explore\/tags\/educaci%C3%B3n\/\"> #educaci\u00f3n<\/a><a href=\"https:\/\/www.instagram.com\/explore\/tags\/educaci%C3%B3\/\"> #educaci\u00f3<\/a><\/p>\n\n\n\n<p><\/p>\n\n\n\n<figure class=\"wp-block-image size-large\"><img decoding=\"async\" src=\"https:\/\/santaanaalcoiweb.wordpress.com\/wp-content\/uploads\/2022\/03\/cartel-santa-ana-2022-escoleta.jpg?w=724\" alt=\"\" class=\"wp-image-2491\" \/><\/figure>\n","protected":false},"excerpt":{"rendered":"<p>\u00bfQuieres conocer nuestra Escoleta? El d\u00eda 26 de Marzo abrimos nuestras puertas para presentaros nuestras instalaciones, nuestra metodolog\u00eda de trabajo, nuestro equipo\u2026 y todo aquello que necesites saber. Para poder asistir debes rellenar el formulario pinchando en este link https:\/\/forms.gle\/wauEzJ6rNkf8sT4Y9 . M\u00e1s tarde se os avisar\u00e1 del horario v\u00eda email o por tel\u00e9fono.\u00a0 Recuerda que&#8230; <\/p>\n<div class=\"link-more\"><a href=\"https:\/\/www.santaanaalcoi.es\/?p=2489\">Lea m\u00e1s<\/a><\/div>\n","protected":false},"author":3,"featured_media":2491,"comment_status":"open","ping_status":"open","sticky":false,"template":"","format":"standard","meta":{"_jetpack_memberships_contains_paid_content":false,"footnotes":""},"categories":[1],"tags":[],"class_list":["post-2489","post","type-post","status-publish","format-standard","has-post-thumbnail","hentry","category-sin-categoria"],"jetpack_featured_media_url":"https:\/\/www.santaanaalcoi.es\/wp-content\/uploads\/2022\/03\/cartel-santa-ana-2022-escoleta-scaled.jpg","jetpack_sharing_enabled":true,"_links":{"self":[{"href":"https:\/\/www.santaanaalcoi.es\/index.php?rest_route=\/wp\/v2\/posts\/2489","targetHints":{"allow":["GET"]}}],"collection":[{"href":"https:\/\/www.santaanaalcoi.es\/index.php?rest_route=\/wp\/v2\/posts"}],"about":[{"href":"https:\/\/www.santaanaalcoi.es\/index.php?rest_route=\/wp\/v2\/types\/post"}],"author":[{"embeddable":true,"href":"https:\/\/www.santaanaalcoi.es\/index.php?rest_route=\/wp\/v2\/users\/3"}],"replies":[{"embeddable":true,"href":"https:\/\/www.santaanaalcoi.es\/index.php?rest_route=%2Fwp%2Fv2%2Fcomments&post=2489"}],"version-history":[{"count":0,"href":"https:\/\/www.santaanaalcoi.es\/index.php?rest_route=\/wp\/v2\/posts\/2489\/revisions"}],"wp:featuredmedia":[{"embeddable":true,"href":"https:\/\/www.santaanaalcoi.es\/index.php?rest_route=\/wp\/v2\/media\/2491"}],"wp:attachment":[{"href":"https:\/\/www.santaanaalcoi.es\/index.php?rest_route=%2Fwp%2Fv2%2Fmedia&parent=2489"}],"wp:term":[{"taxonomy":"category","embeddable":true,"href":"https:\/\/www.santaanaalcoi.es\/index.php?rest_route=%2Fwp%2Fv2%2Fcategories&post=2489"},{"taxonomy":"post_tag","embeddable":true,"href":"https:\/\/www.santaanaalcoi.es\/index.php?rest_route=%2Fwp%2Fv2%2Ftags&post=2489"}],"curies":[{"name":"wp","href":"https:\/\/api.w.org\/{rel}","templated":true}]}}