{"id":2481,"date":"2022-03-04T16:28:19","date_gmt":"2022-03-04T16:28:19","guid":{"rendered":"https:\/\/santaanaalcoiweb.wordpress.com\/?p=2481"},"modified":"2022-03-04T16:28:19","modified_gmt":"2022-03-04T16:28:19","slug":"jornadas-de-puertas-abiertas-2022-para-infantil-y-primaria","status":"publish","type":"post","link":"https:\/\/www.santaanaalcoi.es\/?p=2481","title":{"rendered":"Jornadas de \u00abPuertas Abiertas 2022\u00bb para Infantil, Primaria y Secundaria"},"content":{"rendered":"\n<p>Estamos de celebraci\u00f3n, este a\u00f1o nuestro colegio cumple 50 a\u00f1os dedicados a la ense\u00f1anza, y por ello, os invitamos a conocerlo desde dentro.<\/p>\n\n\n\n<p>Los pr\u00f3ximos Martes 22 y S\u00e1bado 26 de Marzo.<\/p>\n\n\n\n<p>Si est\u00e1is interesados en conocer <strong>Infantil, Primaria o Secundaria<\/strong>, lo pod\u00e9is hacer desde este link <a rel=\"noreferrer noopener\" href=\"https:\/\/forms.gle\/wauEzJ6rNkf8sT4Y9?fbclid=IwAR3Ve85s-VDgKoEeaRaMeSwqEknnYltXF-ZTGFpfHP80qW-1zVqFy0XwtDk\" target=\"_blank\">https:\/\/forms.gle\/wauEzJ6rNkf8sT4Y9<\/a> en el que ten\u00e9is toda la informaci\u00f3n.<\/p>\n\n\n\n<p><a href=\"https:\/\/www.facebook.com\/hashtag\/santaanaalcoi?__eep__=6&amp;__cft__[0]=AZUdGhYOZmXSaAyJYE5UKNi0gwTZAtVwqTs8ktE9YYwT7JnrPIFJMtPmx8X2sMXT4W2hR-FhD1i3s1sYaYQdRh1Ytc5N61GvOGoll_PaibJsMbuCue-9nx7LSGDeCTPWgtp39Op_hary0zQY_Hm37Xos7KV-mvjxHqzbnezYPp5LPcavXT2XNeF2pRL0CZGicmU&amp;__tn__=*NK-R\">#santaanaalcoi<\/a><a href=\"https:\/\/www.facebook.com\/hashtag\/mochilasparalavida?__eep__=6&amp;__cft__[0]=AZUdGhYOZmXSaAyJYE5UKNi0gwTZAtVwqTs8ktE9YYwT7JnrPIFJMtPmx8X2sMXT4W2hR-FhD1i3s1sYaYQdRh1Ytc5N61GvOGoll_PaibJsMbuCue-9nx7LSGDeCTPWgtp39Op_hary0zQY_Hm37Xos7KV-mvjxHqzbnezYPp5LPcavXT2XNeF2pRL0CZGicmU&amp;__tn__=*NK-R\"> #mochilasparalavida<\/a><a href=\"https:\/\/www.facebook.com\/hashtag\/50aniversario?__eep__=6&amp;__cft__[0]=AZUdGhYOZmXSaAyJYE5UKNi0gwTZAtVwqTs8ktE9YYwT7JnrPIFJMtPmx8X2sMXT4W2hR-FhD1i3s1sYaYQdRh1Ytc5N61GvOGoll_PaibJsMbuCue-9nx7LSGDeCTPWgtp39Op_hary0zQY_Hm37Xos7KV-mvjxHqzbnezYPp5LPcavXT2XNeF2pRL0CZGicmU&amp;__tn__=*NK-R\"> #50aniversario<\/a><a href=\"https:\/\/www.facebook.com\/hashtag\/somosdiocesanos?__eep__=6&amp;__cft__[0]=AZUdGhYOZmXSaAyJYE5UKNi0gwTZAtVwqTs8ktE9YYwT7JnrPIFJMtPmx8X2sMXT4W2hR-FhD1i3s1sYaYQdRh1Ytc5N61GvOGoll_PaibJsMbuCue-9nx7LSGDeCTPWgtp39Op_hary0zQY_Hm37Xos7KV-mvjxHqzbnezYPp5LPcavXT2XNeF2pRL0CZGicmU&amp;__tn__=*NK-R\"> #somosdiocesanos<\/a><a href=\"https:\/\/www.facebook.com\/hashtag\/alcoi?__eep__=6&amp;__cft__[0]=AZUdGhYOZmXSaAyJYE5UKNi0gwTZAtVwqTs8ktE9YYwT7JnrPIFJMtPmx8X2sMXT4W2hR-FhD1i3s1sYaYQdRh1Ytc5N61GvOGoll_PaibJsMbuCue-9nx7LSGDeCTPWgtp39Op_hary0zQY_Hm37Xos7KV-mvjxHqzbnezYPp5LPcavXT2XNeF2pRL0CZGicmU&amp;__tn__=*NK-R\"> #alcoi<\/a><\/p>\n\n\n\n<figure class=\"wp-block-image size-large\"><img decoding=\"async\" src=\"https:\/\/santaanaalcoiweb.wordpress.com\/wp-content\/uploads\/2022\/03\/cartel-con-fechas-santa-ana-2022.jpg?w=724\" alt=\"\" class=\"wp-image-2486\" \/><\/figure>\n","protected":false},"excerpt":{"rendered":"<p>Estamos de celebraci\u00f3n, este a\u00f1o nuestro colegio cumple 50 a\u00f1os dedicados a la ense\u00f1anza, y por ello, os invitamos a conocerlo desde dentro. Los pr\u00f3ximos Martes 22 y S\u00e1bado 26 de Marzo. Si est\u00e1is interesados en conocer Infantil, Primaria o Secundaria, lo pod\u00e9is hacer desde este link https:\/\/forms.gle\/wauEzJ6rNkf8sT4Y9 en el que ten\u00e9is toda la informaci\u00f3n&#8230;. <\/p>\n<div class=\"link-more\"><a href=\"https:\/\/www.santaanaalcoi.es\/?p=2481\">Lea m\u00e1s<\/a><\/div>\n","protected":false},"author":3,"featured_media":2486,"comment_status":"open","ping_status":"open","sticky":false,"template":"","format":"standard","meta":{"_jetpack_memberships_contains_paid_content":false,"footnotes":""},"categories":[1],"tags":[],"class_list":["post-2481","post","type-post","status-publish","format-standard","has-post-thumbnail","hentry","category-sin-categoria"],"jetpack_featured_media_url":"https:\/\/www.santaanaalcoi.es\/wp-content\/uploads\/2022\/03\/cartel-con-fechas-santa-ana-2022-scaled.jpg","jetpack_sharing_enabled":true,"_links":{"self":[{"href":"https:\/\/www.santaanaalcoi.es\/index.php?rest_route=\/wp\/v2\/posts\/2481","targetHints":{"allow":["GET"]}}],"collection":[{"href":"https:\/\/www.santaanaalcoi.es\/index.php?rest_route=\/wp\/v2\/posts"}],"about":[{"href":"https:\/\/www.santaanaalcoi.es\/index.php?rest_route=\/wp\/v2\/types\/post"}],"author":[{"embeddable":true,"href":"https:\/\/www.santaanaalcoi.es\/index.php?rest_route=\/wp\/v2\/users\/3"}],"replies":[{"embeddable":true,"href":"https:\/\/www.santaanaalcoi.es\/index.php?rest_route=%2Fwp%2Fv2%2Fcomments&post=2481"}],"version-history":[{"count":0,"href":"https:\/\/www.santaanaalcoi.es\/index.php?rest_route=\/wp\/v2\/posts\/2481\/revisions"}],"wp:featuredmedia":[{"embeddable":true,"href":"https:\/\/www.santaanaalcoi.es\/index.php?rest_route=\/wp\/v2\/media\/2486"}],"wp:attachment":[{"href":"https:\/\/www.santaanaalcoi.es\/index.php?rest_route=%2Fwp%2Fv2%2Fmedia&parent=2481"}],"wp:term":[{"taxonomy":"category","embeddable":true,"href":"https:\/\/www.santaanaalcoi.es\/index.php?rest_route=%2Fwp%2Fv2%2Fcategories&post=2481"},{"taxonomy":"post_tag","embeddable":true,"href":"https:\/\/www.santaanaalcoi.es\/index.php?rest_route=%2Fwp%2Fv2%2Ftags&post=2481"}],"curies":[{"name":"wp","href":"https:\/\/api.w.org\/{rel}","templated":true}]}}