{"id":2408,"date":"2021-10-08T10:03:16","date_gmt":"2021-10-08T10:03:16","guid":{"rendered":"https:\/\/santaanaalcoiweb.wordpress.com\/?p=2408"},"modified":"2021-10-08T10:03:16","modified_gmt":"2021-10-08T10:03:16","slug":"premios-literarios-jordi-linares-abad-y-premios-de-pintura-al-aire-libre-silvestre-vilaplana-molina","status":"publish","type":"post","link":"https:\/\/www.santaanaalcoi.es\/?p=2408","title":{"rendered":"Premios literarios \u00abJordi Linares Abad\u00bb y premios de pintura al aire libre \u00abSilvestre Vilaplana Molina\u00bb"},"content":{"rendered":"\n<p>Estamos muy felices por la gran cantidad de alumnos del Colegio Santa Ana que han sido premiados en el <strong>XLII CONCURS LITERARI INFANTIL \u00abJORDI LINARES ABAD\u00bb<\/strong> y en el <strong>XXXVI CONCURS DE PINTURA<\/strong> <strong>INFANTIL A L&#8217;AIRE LLIURE \u00abSILVESTRE VILAPLANA MOLINA\u00bb<\/strong>.<\/p>\n\n\n\n<p>Toda la comunidad educativa del Colegio Santa Ana quiere dar la enhorabuena a los siguiente alumnos:<\/p>\n\n\n\n<p><strong><span style=\"text-decoration:underline;\">XLII CONCURS LITERARI INFANTIL \u00abJORDI LINARES ABAD\u00bb<\/span><\/strong><\/p>\n\n\n\n<p><strong>CATEGOR\u00cdA ALEV\u00cdN<\/strong><\/p>\n\n\n\n<ul class=\"wp-block-list\"><li>Primer premio para <strong>LUC\u00cdA VA\u00d1\u00d3 CABALLERO<\/strong><\/li><li>Segundo premio para <strong>VALERIA CORT\u00c9S L\u00d3PEZ<\/strong><\/li><li>Acc\u00e9sit para <strong>LAIA GARC\u00cdA VICENS<\/strong><\/li><li>Acc\u00e9sit para <strong>EMMA OSUNA JORD\u00c1<\/strong><\/li><li>Acc\u00e9sit para <strong>MAURO SOLER SAND\u00cdN<\/strong><\/li><\/ul>\n\n\n\n<p><strong>CATEGOR\u00cdA INFANTIL<\/strong><\/p>\n\n\n\n<ul class=\"wp-block-list\"><li>Segundo premio para <strong>MART\u00cdN OLCINA RABASCO<\/strong><\/li><li>Acc\u00e9sit para <strong>SONIA VALOR BATALLER<\/strong><\/li><li>Acc\u00e9sit para <strong>ADRI\u00c0 MARTIN AURA<\/strong><\/li><\/ul>\n\n\n\n<p><strong>CATEGOR\u00cdA CADETE<\/strong><\/p>\n\n\n\n<ul class=\"wp-block-list\"><li>Primer premio para <strong>VICTORIA OLCINA RABASCO<\/strong><\/li><li>Segundo premio para <strong>IRENE VALOR BATALLER<\/strong><\/li><li>Acc\u00e9sit para <strong>LUC\u00cdA RAMIRO RUIZ<\/strong><\/li><li>Acc\u00e9sit para <strong>LOLA GASC\u00d3 GUARINOS<\/strong><\/li><\/ul>\n\n\n\n<p><span style=\"text-decoration:underline;\"><strong>XXXVI CONCURS DE PINTURA<\/strong> <strong>INFANTIL A L&#8217;AIRE LLIURE \u00abSILVESTRE VILAPLANA MOLINA\u00bb<\/strong><\/span><\/p>\n\n\n\n<ul class=\"wp-block-list\"><li>Acc\u00e9sit en la secci\u00f3n Cadete para <strong>LEYRE MORA LOZANO<\/strong><\/li><\/ul>\n\n\n\n<p>\u00a1Enhorabuena a todos los premiados!<\/p>\n","protected":false},"excerpt":{"rendered":"<p>Estamos muy felices por la gran cantidad de alumnos del Colegio Santa Ana que han sido premiados en el XLII CONCURS LITERARI INFANTIL \u00abJORDI LINARES ABAD\u00bb y en el XXXVI CONCURS DE PINTURA INFANTIL A L&#8217;AIRE LLIURE \u00abSILVESTRE VILAPLANA MOLINA\u00bb. Toda la comunidad educativa del Colegio Santa Ana quiere dar la enhorabuena a los siguiente&#8230; <\/p>\n<div class=\"link-more\"><a href=\"https:\/\/www.santaanaalcoi.es\/?p=2408\">Lea m\u00e1s<\/a><\/div>\n","protected":false},"author":3,"featured_media":2414,"comment_status":"open","ping_status":"open","sticky":false,"template":"","format":"standard","meta":{"_jetpack_memberships_contains_paid_content":false,"footnotes":""},"categories":[1],"tags":[],"class_list":["post-2408","post","type-post","status-publish","format-standard","has-post-thumbnail","hentry","category-sin-categoria"],"jetpack_featured_media_url":"https:\/\/www.santaanaalcoi.es\/wp-content\/uploads\/2021\/10\/33-santjordi-2.png","jetpack_sharing_enabled":true,"_links":{"self":[{"href":"https:\/\/www.santaanaalcoi.es\/index.php?rest_route=\/wp\/v2\/posts\/2408","targetHints":{"allow":["GET"]}}],"collection":[{"href":"https:\/\/www.santaanaalcoi.es\/index.php?rest_route=\/wp\/v2\/posts"}],"about":[{"href":"https:\/\/www.santaanaalcoi.es\/index.php?rest_route=\/wp\/v2\/types\/post"}],"author":[{"embeddable":true,"href":"https:\/\/www.santaanaalcoi.es\/index.php?rest_route=\/wp\/v2\/users\/3"}],"replies":[{"embeddable":true,"href":"https:\/\/www.santaanaalcoi.es\/index.php?rest_route=%2Fwp%2Fv2%2Fcomments&post=2408"}],"version-history":[{"count":0,"href":"https:\/\/www.santaanaalcoi.es\/index.php?rest_route=\/wp\/v2\/posts\/2408\/revisions"}],"wp:featuredmedia":[{"embeddable":true,"href":"https:\/\/www.santaanaalcoi.es\/index.php?rest_route=\/wp\/v2\/media\/2414"}],"wp:attachment":[{"href":"https:\/\/www.santaanaalcoi.es\/index.php?rest_route=%2Fwp%2Fv2%2Fmedia&parent=2408"}],"wp:term":[{"taxonomy":"category","embeddable":true,"href":"https:\/\/www.santaanaalcoi.es\/index.php?rest_route=%2Fwp%2Fv2%2Fcategories&post=2408"},{"taxonomy":"post_tag","embeddable":true,"href":"https:\/\/www.santaanaalcoi.es\/index.php?rest_route=%2Fwp%2Fv2%2Ftags&post=2408"}],"curies":[{"name":"wp","href":"https:\/\/api.w.org\/{rel}","templated":true}]}}