{"id":2393,"date":"2021-05-24T14:57:38","date_gmt":"2021-05-24T14:57:38","guid":{"rendered":"https:\/\/santaanaalcoiweb.wordpress.com\/?p=2393"},"modified":"2021-05-24T14:57:38","modified_gmt":"2021-05-24T14:57:38","slug":"admision-curso-21-22","status":"publish","type":"post","link":"https:\/\/www.santaanaalcoi.es\/?p=2393","title":{"rendered":"Admisi\u00f3n Curso 21\/22"},"content":{"rendered":"\n<p>El pr\u00f3ximo martes 25 de mayo se inicia el proceso de admisi\u00f3n en <strong><span class=\"has-inline-color has-vivid-red-color\">infantil y primaria<\/span><\/strong> y finaliza el 2 de junio.<\/p>\n\n\n\n<p>Para <strong><span class=\"has-inline-color has-vivid-red-color\">ESO<\/span><\/strong> el proceso de admisi\u00f3n ser\u00e1 del 3 al 14 de junio.<\/p>\n\n\n\n<p>\u00b7&nbsp;El&nbsp;Proceso de&nbsp;Admisi\u00f3n&nbsp;es para aquellas familias que desean solicitar plaza en nuestro centro para el curso 2021-2022, es decir, alumnos&nbsp;de nueva incorporaci\u00f3n y se tramitar\u00e1 de&nbsp;forma telem\u00e1tica accediendo al siguiente enlace: <a href=\"https:\/\/portal.edu.gva.es\/telematricula\/\">https:\/\/portal.edu.gva.es\/telematricula\/<\/a><\/p>\n\n\n\n<p>No olvides generar y guardar el justificante.<\/p>\n\n\n\n<p>Solo las personas que no cuentan con acceso a internet o con un documento de identidad deben desplazarse al centro educativo en el que solicite plaza como primera opci\u00f3n y as\u00ed realizar el tr\u00e1mite de forma presencial (con cita previa llamando al tel\u00e9fono 965332228 ext.1). Deben acudir al centro educativo que quieren marcar como primera opci\u00f3n. Para ello, debe aportarse el DNI, el NIE, el permiso de ciudadano de la Uni\u00f3n Europea o el pasaporte de la persona que realizar\u00e1 la solicitud (padre, madre o tutor\/a legal).<\/p>\n\n\n\n<p><strong>PASO 1:<\/strong><\/p>\n\n\n\n<p>Para resolver las dudas m\u00e1s frecuentes pincha aqu\u00ed <strong>\u2014&gt; <\/strong><a href=\"https:\/\/portal.edu.gva.es\/telematricula\/es\/preguntas-frecuentes\/\"><strong>\u00bfC\u00f3mo obtengo la clave de admisi\u00f3n para iniciar el tr\u00e1mite telem\u00e1tico?<\/strong><\/a>&nbsp;<\/p>\n\n\n\n<p>En&nbsp;<a href=\"https:\/\/portal.edu.gva.es\/telematricula\/es\/inicio\/\">telematricula.es<\/a>&nbsp;tienes la ventana \u2018Clave de admisi\u00f3n\u2019.<\/p>\n\n\n\n<p>Cuando entres, si tienes DNI, debes introducir el n\u00famero de DNI del padre, madre o tutor legal solicitante + el n\u00famero IDESP (c\u00f3digo de 9 letras y n\u00fameros que hay en el DNI) + la fecha de nacimiento de la persona solicitante + una direcci\u00f3n de correo electr\u00f3nico.<\/p>\n\n\n\n<p>Si tu documento identificativo es el NIE, debes introducir el NIE del padre, madre o tutor legal solicitante + el n\u00famero IXESP (c\u00f3digo incluido en las tarjetas de extranjeros y permisos de residencia) + la fecha de nacimiento de la persona solicitante + una direcci\u00f3n de correo electr\u00f3nico.<\/p>\n\n\n\n<p>En <strong><span class=\"has-inline-color has-vivid-red-color\">Infantil y Primaria<\/span><\/strong> el identificador ser\u00e1 el propio DNI o NIE del padre, madre o tutor legal solicitante. Con una sola clave de admisi\u00f3n ser\u00e1 posible presentar tantas solicitudes como hijos e hijas quieras matricular en estas etapas.<\/p>\n\n\n\n<p>En <strong><span class=\"has-inline-color has-vivid-red-color\">ESO<\/span><\/strong> esta clave consta de un identificador y una contrase\u00f1a para cada solicitud que tengas que hacer seg\u00fan el n\u00famero de hijos e hijas que debas matricular.<\/p>\n\n\n\n<p><strong>PASO 2:<\/strong><\/p>\n\n\n\n<p>Debes entrar en la ventana \u2018Proceso de admisi\u00f3n\u2019 de la web <a href=\"http:\/\/telematricula.es\/\">telematricula.es<\/a> y, una vez hayas introducido la clave de admisi\u00f3n, puedes rellenar la solicitud telem\u00e1tica de admisi\u00f3n. No olvides generar y guardar el justificante.<\/p>\n\n\n\n<p><strong>CALENDARIO DE CADA ETAPA EDUCATIVA<\/strong><\/p>\n\n\n\n<p><strong><span class=\"has-inline-color has-vivid-red-color\">Infantil y\u00a0Primaria:<\/span><\/strong><\/p>\n\n\n\n<p>\u00b7 Presentaci\u00f3n solicitud:&nbsp;del 25 de mayo al 2 de junio.<\/p>\n\n\n\n<p>\u00b7 Resultado provisional&nbsp;del procedimiento&nbsp; y consulta individualizada de la puntuaci\u00f3n obtenida: 16 de junio.<\/p>\n\n\n\n<p>\u00b7 Presentaci\u00f3n telem\u00e1tica de&nbsp;reclamaciones al resultado provisional: desde la publicaci\u00f3n&nbsp; del resultado provisional hasta las 23:59h del 18 de junio.<\/p>\n\n\n\n<p>\u00b7 Resultado definitivo&nbsp;del procedimiento y consulta individualizada de la puntuaci\u00f3n obtenida: 30 de junio.<\/p>\n\n\n\n<p>\u00b7 Presentaci\u00f3n telem\u00e1tica de&nbsp;reclamaciones al resultado definitivo: un mes desde la publicaci\u00f3n.<\/p>\n\n\n\n<p>\u00b7 Formalizaci\u00f3n matr\u00edcula del 1 al 16 de julio: para formalizar la matr\u00edcula, la familia debe ponerse en contacto con el centro y solicitar cita previa&nbsp; para poder acreditar&nbsp;los datos aportados en la solicitud telem\u00e1tica. La falsedad de los datos, dar\u00e1 lugar a la anulaci\u00f3n de la solicitud, y se escolarizar\u00e1 el alumno\/a en las plazas vacantes una vez finalizado el&nbsp;proceso&nbsp;de&nbsp;admisi\u00f3n.<\/p>\n\n\n\n<p><strong><span class=\"has-inline-color has-vivid-red-color\">Educaci\u00f3n Secundaria Obligatoria<\/span><\/strong><\/p>\n\n\n\n<p>\u00b7 Presentaci\u00f3n solicitud:&nbsp;del 3 al 14 de junio.<\/p>\n\n\n\n<p>\u00b7 Resultado provisional: 14 de julio.<\/p>\n\n\n\n<p>\u00b7 Presentaci\u00f3n telem\u00e1tica de&nbsp;reclamaciones al resultado provisional: desde la publicaci\u00f3n&nbsp; del resultado provisional hasta las 23:59h del 16 de julio.<\/p>\n\n\n\n<p>\u00b7 Resultado definitivo&nbsp;del procedimiento y consulta individualizada de la puntuaci\u00f3n obtenida: 23 de julio.<\/p>\n\n\n\n<p>\u00b7 Presentaci\u00f3n telem\u00e1tica de&nbsp;reclamaciones al resultado definitivo: un mes desde la publicaci\u00f3n.<\/p>\n\n\n\n<p>\u00b7 Formalizaci\u00f3n matr\u00edcula del 26 al 29 de julio: para formalizar la matr\u00edcula, la familia debe ponerse en contacto con el centro y solicitar cita previa&nbsp; para&nbsp; poder acreditar&nbsp;los datos aportados en la solicitud telem\u00e1tica. La falsedad de los datos, dar\u00e1 lugar a la anulaci\u00f3n de la solicitud, y se escolarizar\u00e1 el alumno\/a en las plazas vacantes una vez finalizado el&nbsp;proceso&nbsp;de&nbsp;admisi\u00f3n.<\/p>\n","protected":false},"excerpt":{"rendered":"<p>El pr\u00f3ximo martes 25 de mayo se inicia el proceso de admisi\u00f3n en infantil y primaria y finaliza el 2 de junio. Para ESO el proceso de admisi\u00f3n ser\u00e1 del 3 al 14 de junio. \u00b7&nbsp;El&nbsp;Proceso de&nbsp;Admisi\u00f3n&nbsp;es para aquellas familias que desean solicitar plaza en nuestro centro para el curso 2021-2022, es decir, alumnos&nbsp;de nueva&#8230; <\/p>\n<div class=\"link-more\"><a href=\"https:\/\/www.santaanaalcoi.es\/?p=2393\">Lea m\u00e1s<\/a><\/div>\n","protected":false},"author":3,"featured_media":0,"comment_status":"open","ping_status":"open","sticky":false,"template":"","format":"standard","meta":{"_jetpack_memberships_contains_paid_content":false,"footnotes":""},"categories":[1],"tags":[],"class_list":["post-2393","post","type-post","status-publish","format-standard","hentry","category-sin-categoria"],"jetpack_featured_media_url":"","jetpack_sharing_enabled":true,"_links":{"self":[{"href":"https:\/\/www.santaanaalcoi.es\/index.php?rest_route=\/wp\/v2\/posts\/2393","targetHints":{"allow":["GET"]}}],"collection":[{"href":"https:\/\/www.santaanaalcoi.es\/index.php?rest_route=\/wp\/v2\/posts"}],"about":[{"href":"https:\/\/www.santaanaalcoi.es\/index.php?rest_route=\/wp\/v2\/types\/post"}],"author":[{"embeddable":true,"href":"https:\/\/www.santaanaalcoi.es\/index.php?rest_route=\/wp\/v2\/users\/3"}],"replies":[{"embeddable":true,"href":"https:\/\/www.santaanaalcoi.es\/index.php?rest_route=%2Fwp%2Fv2%2Fcomments&post=2393"}],"version-history":[{"count":0,"href":"https:\/\/www.santaanaalcoi.es\/index.php?rest_route=\/wp\/v2\/posts\/2393\/revisions"}],"wp:attachment":[{"href":"https:\/\/www.santaanaalcoi.es\/index.php?rest_route=%2Fwp%2Fv2%2Fmedia&parent=2393"}],"wp:term":[{"taxonomy":"category","embeddable":true,"href":"https:\/\/www.santaanaalcoi.es\/index.php?rest_route=%2Fwp%2Fv2%2Fcategories&post=2393"},{"taxonomy":"post_tag","embeddable":true,"href":"https:\/\/www.santaanaalcoi.es\/index.php?rest_route=%2Fwp%2Fv2%2Ftags&post=2393"}],"curies":[{"name":"wp","href":"https:\/\/api.w.org\/{rel}","templated":true}]}}