{"id":2375,"date":"2021-05-11T13:43:48","date_gmt":"2021-05-11T13:43:48","guid":{"rendered":"https:\/\/santaanaalcoiweb.wordpress.com\/?p=2375"},"modified":"2021-05-11T13:43:48","modified_gmt":"2021-05-11T13:43:48","slug":"pre-inscripcion-campus-de-verano-2021","status":"publish","type":"post","link":"https:\/\/www.santaanaalcoi.es\/?p=2375","title":{"rendered":"Pre-inscripci\u00f3n Campus de Verano 2021"},"content":{"rendered":"\n<p class=\"has-text-align-justify\">La edici\u00f3n 2021 del Campus de Verano del Colegio Santa Ana pone en marcha sus preparativos para ofrecer, como siempre, el mejor servicio a las familias, siguiendo las todas las medidas de seguridad que sean necesarias.<br>El Campus est\u00e1 abierto para todos, alumnos del Colegio Santa Ana y otros centros (a partir de 1 a\u00f1o). Plazas limitadas, dando prioridad en primer lugar a los alumnos del Colegio Santa Ana, y en segundo lugar, alumnos de ediciones anteriores del Campus que pertenezcan a otros centros educativos.<\/p>\n\n\n\n<p>Ofrecemos:<\/p>\n\n\n\n<ul class=\"wp-block-list\"><li>Deporte<\/li><li>Creatividad desbordada<\/li><li>Talleres<\/li><li>Aventuras inolvidables<\/li><li>Agua y m\u00e1s agua, con piscinas propias<\/li><li>Acampadas\/Fiestas m\u00e1gicas<\/li><li>Excursiones<\/li><li>Actividades en lengua inglesa<\/li><li>MEDIDAS CORRESPONDIENTES contra el Covid-19.<\/li><\/ul>\n\n\n\n<p><li>*Todas estas actividades se realizar\u00e1n siguiendo las indicaciones sanitarias correspondientes.<\/li><\/p>\n\n\n\n<p>Para inscribirse y ver toda la informaci\u00f3n necesaria, pod\u00e9is acceder al siguiente enlace: <\/p>\n\n\n\n<p><a href=\"https:\/\/forms.gle\/Majs3pH3ECLx7L9Y8\" target=\"_blank\" rel=\"noreferrer noopener\">https:\/\/forms.gle\/Majs3pH3ECLx7L9Y8<\/a><\/p>\n\n\n\n<ul class=\"wp-block-list\"><li>La pre-inscripci\u00f3n estar\u00e1 abierta hasta el d\u00eda 31 de Mayo. A partir del 1 de Junio hasta el 16 de Junio, se iniciar\u00e1 el proceso de MATR\u00cdCULA. Recibir\u00e9is en vuestros correos todas las instrucciones necesarias para realizar la matr\u00edcula.<\/li><li>Si existe la posibilidad, se realizar\u00e1 una reuni\u00f3n informativa antes del 25 de Junio. En caso contrario, recibir\u00e9is toda la informaci\u00f3n detallada por correo.<\/li><\/ul>\n\n\n\n<p>Ante cualquier duda, pod\u00e9is llamar al colegio 965332228 o poneros en contacto en el correo: <a href=\"mailto:campus@santaanaalcoi.com\" target=\"_blank\" rel=\"noreferrer noopener\">campus@santaanaalcoi.com<\/a> \/ <a href=\"mailto:carmenbernabeu@santaanaalcoi.com\" target=\"_blank\" rel=\"noreferrer noopener\">carmenbernabeu@santaanaalcoi.com<\/a><\/p>\n\n\n\n<p>\u00a1Os esperamos!<\/p>\n","protected":false},"excerpt":{"rendered":"<p>La edici\u00f3n 2021 del Campus de Verano del Colegio Santa Ana pone en marcha sus preparativos para ofrecer, como siempre, el mejor servicio a las familias, siguiendo las todas las medidas de seguridad que sean necesarias.El Campus est\u00e1 abierto para todos, alumnos del Colegio Santa Ana y otros centros (a partir de 1 a\u00f1o). Plazas&#8230; <\/p>\n<div class=\"link-more\"><a href=\"https:\/\/www.santaanaalcoi.es\/?p=2375\">Lea m\u00e1s<\/a><\/div>\n","protected":false},"author":3,"featured_media":2372,"comment_status":"open","ping_status":"open","sticky":false,"template":"","format":"standard","meta":{"_jetpack_memberships_contains_paid_content":false,"footnotes":""},"categories":[1],"tags":[],"class_list":["post-2375","post","type-post","status-publish","format-standard","has-post-thumbnail","hentry","category-sin-categoria"],"jetpack_featured_media_url":"https:\/\/www.santaanaalcoi.es\/wp-content\/uploads\/2021\/05\/img_0082-scaled.jpg","jetpack_sharing_enabled":true,"_links":{"self":[{"href":"https:\/\/www.santaanaalcoi.es\/index.php?rest_route=\/wp\/v2\/posts\/2375","targetHints":{"allow":["GET"]}}],"collection":[{"href":"https:\/\/www.santaanaalcoi.es\/index.php?rest_route=\/wp\/v2\/posts"}],"about":[{"href":"https:\/\/www.santaanaalcoi.es\/index.php?rest_route=\/wp\/v2\/types\/post"}],"author":[{"embeddable":true,"href":"https:\/\/www.santaanaalcoi.es\/index.php?rest_route=\/wp\/v2\/users\/3"}],"replies":[{"embeddable":true,"href":"https:\/\/www.santaanaalcoi.es\/index.php?rest_route=%2Fwp%2Fv2%2Fcomments&post=2375"}],"version-history":[{"count":0,"href":"https:\/\/www.santaanaalcoi.es\/index.php?rest_route=\/wp\/v2\/posts\/2375\/revisions"}],"wp:featuredmedia":[{"embeddable":true,"href":"https:\/\/www.santaanaalcoi.es\/index.php?rest_route=\/wp\/v2\/media\/2372"}],"wp:attachment":[{"href":"https:\/\/www.santaanaalcoi.es\/index.php?rest_route=%2Fwp%2Fv2%2Fmedia&parent=2375"}],"wp:term":[{"taxonomy":"category","embeddable":true,"href":"https:\/\/www.santaanaalcoi.es\/index.php?rest_route=%2Fwp%2Fv2%2Fcategories&post=2375"},{"taxonomy":"post_tag","embeddable":true,"href":"https:\/\/www.santaanaalcoi.es\/index.php?rest_route=%2Fwp%2Fv2%2Ftags&post=2375"}],"curies":[{"name":"wp","href":"https:\/\/api.w.org\/{rel}","templated":true}]}}