{"id":2244,"date":"2020-06-04T17:19:51","date_gmt":"2020-06-04T17:19:51","guid":{"rendered":"https:\/\/santaanaalcoiweb.wordpress.com\/?p=2244"},"modified":"2020-06-04T17:19:51","modified_gmt":"2020-06-04T17:19:51","slug":"protocolo-de-seguridad-campus-2020","status":"publish","type":"post","link":"https:\/\/www.santaanaalcoi.es\/?p=2244","title":{"rendered":"Protocolo de seguridad Campus 2020"},"content":{"rendered":"<p style=\"text-align:left;\">El Campus de Verano 2020 del Colegio Santa Ana ya tiene publicado el protocolo de seguridad contra el Covid19, para dar total tranquilidad a las familias que conf\u00eden en sus servicios.<\/p>\n<p>A trav\u00e9s del siguiente enlace pueden realizar la matr\u00edcula al <span style=\"color:#339966;\"><strong><a style=\"color:#339966;\" href=\"https:\/\/forms.gle\/qy3MQzJEdDmjDQok7\" target=\"_blank\" rel=\"noopener\">Campus 2020\u00a0<\/a><\/strong><\/span><\/p>\n<p style=\"text-align:left;\">Y en este otro enlace podr\u00e1n descargar el\u00a0<a href=\"https:\/\/santaanaalcoiweb.wordpress.com\/wp-content\/uploads\/2020\/06\/protocolo-sanitario-campus-colegio-santa-ana-2020-1.pdf\" target=\"_blank\" rel=\"noopener\">PROTOCOLO CAMPUS 2020\u00a0<\/a>\u00a0que pasamos a explicar a continuaci\u00f3n:<\/p>\n<p style=\"text-align:left;\">La realizaci\u00f3n de las diferentes actividades depender\u00e1 de la evoluci\u00f3n de la pandemia en\u00a0nuestro territorio y de las fases de la desescalada de la Comunitat Valenciana con las\u00a0especificidades que en cada fase marquen los \u00f3rganos competentes.<\/p>\n<p style=\"text-align:left;\">Las recomendaciones que se hacen en este documento est\u00e1n alineadas con las propuestas del\u00a0art\u00edculo 43 de la Orden SND\/458\/2020 de 30 de mayo, para la flexibilizaci\u00f3n de determinadas\u00a0restricciones de \u00e1mbito nacional establecidas tras la declaraci\u00f3n del estado de alarma en\u00a0aplicaci\u00f3n de la fase 3 del Plan para la transici\u00f3n hacia una nueva normalidad.<\/p>\n<p style=\"text-align:left;\">1. MEDIDAS DE PREVENCI\u00d3N<\/p>\n<ul style=\"text-align:left;\">\n<li>Las familias vigilar\u00e1n el estado de salud y realizar\u00e1n toma de temperatura\u00a0todos los d\u00edas antes de salir de casa para dirigirse al Campus.<\/li>\n<li>El alumnado no podr\u00e1 acudir al centro si presenta s\u00edntomas compatibles con el\u00a0COVID-19 o si se encuentra en per\u00edodo de cuarentena por haber tenido\u00a0contacto con alguna persona con s\u00edntomas o diagnosticada de COVID-19.<\/li>\n<li>Se solicitar\u00e1 a los padres\/tutores como requisito para poder participar en el\u00a0<span style=\"font-size:1.8rem;\">campus, que realicen una declaraci\u00f3n responsable sobre la adecuada salud del\u00a0<\/span><span style=\"font-size:1.8rem;\">ni\u00f1o\/a y de no haber estado en contacto estrecho con alguna persona con\u00a0<\/span><span style=\"font-size:1.8rem;\">sintomatolog\u00eda de COVID-19 (El documento se os facilitar\u00e1 por correo\u00a0<\/span><span style=\"font-size:1.8rem;\">electr\u00f3nico)<\/span><\/li>\n<li>En el caso que durante el transcurso de la actividad se declarar\u00e1 un caso de\u00a0<span style=\"font-size:1.8rem;\">contagio en la unidad familiar de un participante, deber\u00e1 comunicarlo\u00a0<\/span><span style=\"font-size:1.8rem;\">inmediatamente a la organizaci\u00f3n.<\/span><\/li>\n<li>Al inicio del campus, se realizar\u00e1 una charla informativa a todos los ni\u00f1os sobre\u00a0<span style=\"font-size:1.8rem;\">c\u00f3mo cumplir las medidas de seguridad y prevenci\u00f3n, as\u00ed como las medidas de\u00a0<\/span><span style=\"font-size:1.8rem;\">higiene.<\/span><\/li>\n<li>Se reforzar\u00e1n visualmente las entradas y salidas del centro (independientes)\u00a0<span style=\"font-size:1.8rem;\">para evitar cruces.<\/span><\/li>\n<li>Se ampliar\u00e1 el horario de entrada y salida o se establecer\u00e1n diferencias\u00a0<span style=\"font-size:1.8rem;\">horarias para evitar aglomeraciones.<\/span><\/li>\n<li>Solo los familiares de alumnos de Escoleta podr\u00e1n acceder hasta el interior,\u00a0<span style=\"font-size:1.8rem;\">respetando un m\u00e1ximo de dos adultos en el pasillo.<\/span><\/li>\n<li>Se usar\u00e1n medios de protecci\u00f3n individual (mascarilla o pantalla protectora),\u00a0<span style=\"font-size:1.8rem;\">recomendable a partir de los 4 a\u00f1os, siempre y cuando no se pueda garantizar\u00a0<\/span><span style=\"font-size:1.8rem;\">la distancia de 2 metros, y siempre que la actividad que se vaya a realizar sea\u00a0<\/span><span style=\"font-size:1.8rem;\">compatible.<\/span><\/li>\n<\/ul>\n<p style=\"text-align:left;\">*Estamos trabajando para poderos facilitar pantallas y mascarillas personalizadas\u00a0para todos aquellos que lo deseen.<\/p>\n<ul style=\"text-align:left;\">\n<li>Se se\u00f1alizar\u00e1n las sillas y mesas con sus nombres para que utilicen siempre el\u00a0<span style=\"font-size:1.8rem;\">mismo asiento. M\u00e1ximo 4 alumnos por mesa en Infantil y 10 alumnos en\u00a0<\/span><span style=\"font-size:1.8rem;\">primaria. En Escoleta se reducir\u00e1n el n\u00famero de alumnos por aula.<\/span><\/li>\n<li>Para los alumnos de ESCOLETA, se deber\u00e1 cambiar el calzado para acceder a\u00a0<span style=\"font-size:1.8rem;\">las aulas.<\/span><\/li>\n<li>Se desinfectar\u00e1 diariamente todos aquellos juguetes que se utilicen en\u00a0<span style=\"font-size:1.8rem;\">Escoleta.<\/span><\/li>\n<li>Se recomienda limpieza diaria de toda prenda que acceda al centro (toalla,\u00a0<span style=\"font-size:1.8rem;\">camiseta\u2026)<\/span><\/li>\n<li>Se seguir\u00e1 en todo momento el aforo establecido en la fase en la que nos\u00a0<span style=\"font-size:1.8rem;\">encontremos para actividades de tiempo libre.<\/span><\/li>\n<\/ul>\n<p style=\"text-align:left;\">2. MEDIDAS DE HIGIENE<\/p>\n<ul style=\"text-align:left;\">\n<li>Ser\u00e1 obligatorio la limpieza de manos con gel hidroalcoh\u00f3lico antes de entrar\u00a0<span style=\"font-size:1.8rem;\">al Campus. Se establecer\u00e1 un lugar de acceso donde los monitores se\u00a0<\/span><span style=\"font-size:1.8rem;\">encargar\u00e1n de dicha acci\u00f3n. Para los alumnos de Escoleta se les desinfectar\u00e1\u00a0<\/span><span style=\"font-size:1.8rem;\">con toallitas mojadas en alcohol.<\/span><\/li>\n<li>Se tomar\u00e1 la temperatura antes de entrar al centro. No podr\u00e1 acceder ning\u00fan\u00a0<span style=\"font-size:1.8rem;\">alumno con m\u00e1s de 37\u00baC.<\/span><\/li>\n<li>Se establecer\u00e1n rutinas de higiene y desinfecci\u00f3n en varias ocasiones a lo largo\u00a0<span style=\"font-size:1.8rem;\">de la ma\u00f1ana.<\/span><\/li>\n<li>Se desinfectar\u00e1n los zapatos en caso de acceder a un espacio cerrado.<\/li>\n<li>Los monitores seguir\u00e1n todas las medidas de higiene y seguridad necesarias\u00a0<span style=\"font-size:1.8rem;\">para el buen funcionamiento del Campus (mascarilla, guantes, lavado de\u00a0<\/span><span style=\"font-size:1.8rem;\">manos, control del alumnado en cuanto al seguimiento de las medidas\u2026)<\/span><\/li>\n<li>Todo aquel material que sea utilizado para la realizaci\u00f3n de las actividades,\u00a0<span style=\"font-size:1.8rem;\">ser\u00e1 desinfectado al finalizar.<\/span><\/li>\n<li>Todos los d\u00edas ser\u00e1n desinfectadas las instalaciones utilizadas siguiendo todas\u00a0<span style=\"font-size:1.8rem;\">las medidas de seguridad e higiene.<\/span><\/li>\n<\/ul>\n<p style=\"text-align:left;\"><span style=\"font-size:1.8rem;\">Estas medidas pueden ser modificadas en funci\u00f3n de c\u00f3mo avance la\u00a0<\/span>situaci\u00f3n y las medidas que se decreten en cada una de las fases.<\/p>\n","protected":false},"excerpt":{"rendered":"<p>El Campus de Verano 2020 del Colegio Santa Ana ya tiene publicado el protocolo de seguridad contra el Covid19, para dar total tranquilidad a las familias que conf\u00eden en sus servicios. A trav\u00e9s del siguiente enlace pueden realizar la matr\u00edcula al Campus 2020\u00a0 Y en este otro enlace podr\u00e1n descargar el\u00a0PROTOCOLO CAMPUS 2020\u00a0\u00a0que pasamos a&#8230; <\/p>\n<div class=\"link-more\"><a href=\"https:\/\/www.santaanaalcoi.es\/?p=2244\">Lea m\u00e1s<\/a><\/div>\n","protected":false},"author":3,"featured_media":0,"comment_status":"open","ping_status":"open","sticky":false,"template":"","format":"standard","meta":{"_jetpack_memberships_contains_paid_content":false,"footnotes":""},"categories":[1],"tags":[],"class_list":["post-2244","post","type-post","status-publish","format-standard","hentry","category-sin-categoria"],"jetpack_featured_media_url":"","jetpack_sharing_enabled":true,"_links":{"self":[{"href":"https:\/\/www.santaanaalcoi.es\/index.php?rest_route=\/wp\/v2\/posts\/2244","targetHints":{"allow":["GET"]}}],"collection":[{"href":"https:\/\/www.santaanaalcoi.es\/index.php?rest_route=\/wp\/v2\/posts"}],"about":[{"href":"https:\/\/www.santaanaalcoi.es\/index.php?rest_route=\/wp\/v2\/types\/post"}],"author":[{"embeddable":true,"href":"https:\/\/www.santaanaalcoi.es\/index.php?rest_route=\/wp\/v2\/users\/3"}],"replies":[{"embeddable":true,"href":"https:\/\/www.santaanaalcoi.es\/index.php?rest_route=%2Fwp%2Fv2%2Fcomments&post=2244"}],"version-history":[{"count":0,"href":"https:\/\/www.santaanaalcoi.es\/index.php?rest_route=\/wp\/v2\/posts\/2244\/revisions"}],"wp:attachment":[{"href":"https:\/\/www.santaanaalcoi.es\/index.php?rest_route=%2Fwp%2Fv2%2Fmedia&parent=2244"}],"wp:term":[{"taxonomy":"category","embeddable":true,"href":"https:\/\/www.santaanaalcoi.es\/index.php?rest_route=%2Fwp%2Fv2%2Fcategories&post=2244"},{"taxonomy":"post_tag","embeddable":true,"href":"https:\/\/www.santaanaalcoi.es\/index.php?rest_route=%2Fwp%2Fv2%2Ftags&post=2244"}],"curies":[{"name":"wp","href":"https:\/\/api.w.org\/{rel}","templated":true}]}}