{"id":2238,"date":"2020-06-01T10:43:56","date_gmt":"2020-06-01T10:43:56","guid":{"rendered":"https:\/\/santaanaalcoiweb.wordpress.com\/?p=2238"},"modified":"2020-06-01T10:43:56","modified_gmt":"2020-06-01T10:43:56","slug":"abrimos-pre-inscripcion-al-campus-de-verano-2020","status":"publish","type":"post","link":"https:\/\/www.santaanaalcoi.es\/?p=2238","title":{"rendered":"Abrimos pre-inscripci\u00f3n al Campus de Verano 2020"},"content":{"rendered":"<p style=\"text-align:justify;\">La edici\u00f3n 2020 del Campus de Verano del Colegio Santa Ana pone en marcha sus preparativos para ofrecer, como siempre, el mejor servicio a las familias, con todas las medidas de seguridad necesarias para su buen desarrollo.<\/p>\n<p style=\"text-align:justify;\">Nos hemos informado debidamente y, a partir de la Fase 3, est\u00e1 permitido realizar actividades de verano, por lo que hemos preparado un formulario de pre-inscripci\u00f3n, y as\u00ed saber el n\u00famero de ni\u00f1os\/as interesados en asistir, para poder preparar adecuadamente las instalaciones y todas las medidas necesarias.<\/p>\n<p style=\"text-align:justify;\">El Campus est\u00e1 abierto para todos, alumnos del Colegio Santa Ana y otros centros (a partir de 1 a\u00f1o).<\/p>\n<p style=\"text-align:justify;\">Plazas limitadas, dando prioridad en primer lugar a los alumnos del Colegio Santa Ana, y en segundo lugar, alumnos de ediciones anteriores del Campus que pertenezcan a otros centros educativos..<\/p>\n<p style=\"text-align:justify;\">Ofrecemos:<br \/>\n&#8211; Deporte<br \/>\n&#8211; Creatividad desbordada<br \/>\n&#8211; Aventuras inolvidables<br \/>\n&#8211; Agua y m\u00e1s agua (piscinas propias)<br \/>\n&#8211; Acampadas m\u00e1gicas<br \/>\n&#8211; Excursiones<br \/>\n&#8211; Actividades en lengua inglesa<br \/>\n&#8211; MEDIDAS CORRESPONDIENTES contra el Covid-19 (medidas de higiene, aforo limitado, espacios abiertos&#8230;)<br \/>\n*Todas estas actividades se realizar\u00e1n siguiendo las indicaciones sanitarias correspondientes, y podr\u00e1n ser modificadas en funci\u00f3n de las condiciones que se aprueben en cada fase.<\/p>\n<p style=\"text-align:justify;\">La pre-inscripci\u00f3n estar\u00e1 abierta <span style=\"color:#ff0000;\"><strong>hasta el d\u00eda 8 de Junio<\/strong><\/span>. A partir del d\u00eda 9 hasta el 15 de Junio, se iniciar\u00e1 el proceso de MATR\u00cdCULA. Recibir\u00e9is en vuestros correos todas las instrucciones necesarias para poder realizar la matr\u00edcula de forma telem\u00e1tica.<br \/>\nSi existe la posibilidad, se realizar\u00e1 una reuni\u00f3n informativa antes del 22 de Junio. En caso contrario, recibir\u00e9is toda la informaci\u00f3n detallada por correo, as\u00ed que aseguraos de escribir la direcci\u00f3n correctamente en el formulario.<\/p>\n<p style=\"text-align:justify;\">*Las fechas del campus son del 22 de Junio al 31 de Julio (24 de Junio festivo), pero cabr\u00eda la posibilidad de variar en funci\u00f3n de como avance toda esta situaci\u00f3n, ya que vamos a seguir en todo momento todas las pautas y medidas que se publiquen en cada una de las fases.<\/p>\n<p>Aqu\u00ed os dejamos el enlce al formulario de pre-inscripci\u00f3n <a href=\"https:\/\/forms.gle\/LqvnF2sg2E2iXNQu7\" target=\"_blank\" rel=\"noopener\">https:\/\/forms.gle\/LqvnF2sg2E2iXNQu7<\/a><\/p>\n<p style=\"text-align:justify;\">Ante cualquier duda, pod\u00e9is llamar al colegio 965332228 o poneros en contacto en el correo: carmenbernabeu@santaanaalcoi.com<\/p>\n<p style=\"text-align:justify;\">Os esperamos!<\/p>\n","protected":false},"excerpt":{"rendered":"<p>La edici\u00f3n 2020 del Campus de Verano del Colegio Santa Ana pone en marcha sus preparativos para ofrecer, como siempre, el mejor servicio a las familias, con todas las medidas de seguridad necesarias para su buen desarrollo. Nos hemos informado debidamente y, a partir de la Fase 3, est\u00e1 permitido realizar actividades de verano, por&#8230; <\/p>\n<div class=\"link-more\"><a href=\"https:\/\/www.santaanaalcoi.es\/?p=2238\">Lea m\u00e1s<\/a><\/div>\n","protected":false},"author":3,"featured_media":2237,"comment_status":"open","ping_status":"open","sticky":false,"template":"","format":"standard","meta":{"_jetpack_memberships_contains_paid_content":false,"footnotes":""},"categories":[1],"tags":[],"class_list":["post-2238","post","type-post","status-publish","format-standard","has-post-thumbnail","hentry","category-sin-categoria"],"jetpack_featured_media_url":"https:\/\/www.santaanaalcoi.es\/wp-content\/uploads\/2020\/06\/anuncio-inscripciones-campus-2020.jpg","jetpack_sharing_enabled":true,"_links":{"self":[{"href":"https:\/\/www.santaanaalcoi.es\/index.php?rest_route=\/wp\/v2\/posts\/2238","targetHints":{"allow":["GET"]}}],"collection":[{"href":"https:\/\/www.santaanaalcoi.es\/index.php?rest_route=\/wp\/v2\/posts"}],"about":[{"href":"https:\/\/www.santaanaalcoi.es\/index.php?rest_route=\/wp\/v2\/types\/post"}],"author":[{"embeddable":true,"href":"https:\/\/www.santaanaalcoi.es\/index.php?rest_route=\/wp\/v2\/users\/3"}],"replies":[{"embeddable":true,"href":"https:\/\/www.santaanaalcoi.es\/index.php?rest_route=%2Fwp%2Fv2%2Fcomments&post=2238"}],"version-history":[{"count":0,"href":"https:\/\/www.santaanaalcoi.es\/index.php?rest_route=\/wp\/v2\/posts\/2238\/revisions"}],"wp:featuredmedia":[{"embeddable":true,"href":"https:\/\/www.santaanaalcoi.es\/index.php?rest_route=\/wp\/v2\/media\/2237"}],"wp:attachment":[{"href":"https:\/\/www.santaanaalcoi.es\/index.php?rest_route=%2Fwp%2Fv2%2Fmedia&parent=2238"}],"wp:term":[{"taxonomy":"category","embeddable":true,"href":"https:\/\/www.santaanaalcoi.es\/index.php?rest_route=%2Fwp%2Fv2%2Fcategories&post=2238"},{"taxonomy":"post_tag","embeddable":true,"href":"https:\/\/www.santaanaalcoi.es\/index.php?rest_route=%2Fwp%2Fv2%2Ftags&post=2238"}],"curies":[{"name":"wp","href":"https:\/\/api.w.org\/{rel}","templated":true}]}}