{"id":2206,"date":"2020-02-25T19:23:52","date_gmt":"2020-02-25T19:23:52","guid":{"rendered":"https:\/\/santaanaalcoiweb.wordpress.com\/?p=2206"},"modified":"2020-02-25T19:23:52","modified_gmt":"2020-02-25T19:23:52","slug":"campus-de-primavera-2020","status":"publish","type":"post","link":"https:\/\/www.santaanaalcoi.es\/?p=2206","title":{"rendered":"Campus de Primavera 2020"},"content":{"rendered":"<p><span class=\"_5mfr\"><span class=\"_6qdm\">\ud83c\udf3c<\/span><\/span>CAMPUS DE PRIMAVERA \u201cHELLO SPRING!\u201d<span class=\"_5mfr\"><span class=\"_6qdm\">\ud83c\udf3a<\/span><\/span><\/p>\n<p><span class=\"_5mfr\"><span class=\"_6qdm\">\ud83d\udc49<\/span><\/span>Con el af\u00e1n de mejorar nuestros servicios, y debido a la demanda de muchas familias, hemos preparado un formulario para recabar informaci\u00f3n, y conocer cu\u00e1ntas familias estar\u00edan interesadas en inscribir a sus hijos\/as al Campus de Primavera \u201cHELLO SPRING!\u201d del Colegio Santa Ana.<\/p>\n<p>El Campus se desarrollar\u00e1 en los d\u00edas, 14, 15, 16 y 17 de Abril, en horario de 9 a 13 horas, o de 9 a 14 horas con servicio de comedor.<\/p>\n<p><span class=\"_5mfr\"><span class=\"_6qdm\">\ud83d\ude09<\/span><\/span>\u00a1Muchas gracias!<span class=\"_5mfr\"><span class=\"_6qdm\">\ud83d\ude09<\/span><\/span><\/p>\n<p>Para acceder al formulario, click en el siguiente enlace:<br \/>\n<a href=\"https:\/\/forms.gle\/4JEkVfunHFSZutb19\" target=\"_blank\" rel=\"noopener nofollow noreferrer\">Formulario consulta<\/a><\/p>\n","protected":false},"excerpt":{"rendered":"<p>\ud83c\udf3cCAMPUS DE PRIMAVERA \u201cHELLO SPRING!\u201d\ud83c\udf3a \ud83d\udc49Con el af\u00e1n de mejorar nuestros servicios, y debido a la demanda de muchas familias, hemos preparado un formulario para recabar informaci\u00f3n, y conocer cu\u00e1ntas familias estar\u00edan interesadas en inscribir a sus hijos\/as al Campus de Primavera \u201cHELLO SPRING!\u201d del Colegio Santa Ana. El Campus se desarrollar\u00e1 en los d\u00edas,&#8230; <\/p>\n<div class=\"link-more\"><a href=\"https:\/\/www.santaanaalcoi.es\/?p=2206\">Lea m\u00e1s<\/a><\/div>\n","protected":false},"author":3,"featured_media":2207,"comment_status":"open","ping_status":"open","sticky":false,"template":"","format":"standard","meta":{"_jetpack_memberships_contains_paid_content":false,"footnotes":""},"categories":[1],"tags":[],"class_list":["post-2206","post","type-post","status-publish","format-standard","has-post-thumbnail","hentry","category-sin-categoria"],"jetpack_featured_media_url":"https:\/\/www.santaanaalcoi.es\/wp-content\/uploads\/2020\/02\/campus-de-primavera-con-fechas-e1582239058493.jpg","jetpack_sharing_enabled":true,"_links":{"self":[{"href":"https:\/\/www.santaanaalcoi.es\/index.php?rest_route=\/wp\/v2\/posts\/2206","targetHints":{"allow":["GET"]}}],"collection":[{"href":"https:\/\/www.santaanaalcoi.es\/index.php?rest_route=\/wp\/v2\/posts"}],"about":[{"href":"https:\/\/www.santaanaalcoi.es\/index.php?rest_route=\/wp\/v2\/types\/post"}],"author":[{"embeddable":true,"href":"https:\/\/www.santaanaalcoi.es\/index.php?rest_route=\/wp\/v2\/users\/3"}],"replies":[{"embeddable":true,"href":"https:\/\/www.santaanaalcoi.es\/index.php?rest_route=%2Fwp%2Fv2%2Fcomments&post=2206"}],"version-history":[{"count":0,"href":"https:\/\/www.santaanaalcoi.es\/index.php?rest_route=\/wp\/v2\/posts\/2206\/revisions"}],"wp:featuredmedia":[{"embeddable":true,"href":"https:\/\/www.santaanaalcoi.es\/index.php?rest_route=\/wp\/v2\/media\/2207"}],"wp:attachment":[{"href":"https:\/\/www.santaanaalcoi.es\/index.php?rest_route=%2Fwp%2Fv2%2Fmedia&parent=2206"}],"wp:term":[{"taxonomy":"category","embeddable":true,"href":"https:\/\/www.santaanaalcoi.es\/index.php?rest_route=%2Fwp%2Fv2%2Fcategories&post=2206"},{"taxonomy":"post_tag","embeddable":true,"href":"https:\/\/www.santaanaalcoi.es\/index.php?rest_route=%2Fwp%2Fv2%2Ftags&post=2206"}],"curies":[{"name":"wp","href":"https:\/\/api.w.org\/{rel}","templated":true}]}}