{"id":2183,"date":"2019-11-05T08:33:31","date_gmt":"2019-11-05T08:33:31","guid":{"rendered":"https:\/\/santaanaalcoiweb.wordpress.com\/?p=2183"},"modified":"2019-11-05T08:33:31","modified_gmt":"2019-11-05T08:33:31","slug":"primer-campus-de-navidad-hello-christmas","status":"publish","type":"post","link":"https:\/\/www.santaanaalcoi.es\/?p=2183","title":{"rendered":"Campus de Navidad \u00abHello Christmas!\u00bb(formulario de consulta)"},"content":{"rendered":"<p style=\"text-align:left;\">Con el af\u00e1n de mejorar nuestros servicios hacia las familias, hemos preparado un formulario para recabar informaci\u00f3n y saber cu\u00e1ntas familias estar\u00edan interesadas en inscribir a sus hijos\/as al Campus de Navidad del Colegio Santa Ana. El Campus est\u00e1 abierto para alumnos del Colegio Santa y de otros centros.<br \/>\nSe realizar\u00e1n talleres, juegos y manualidades relacionadas con la Navidad: taller de galletas, decoraci\u00f3n de bolas de navidad, postales navide\u00f1as, fiesta de fin de A\u00f1o, carta para los Reyes Magos&#8230;<br \/>\nEl Campus se llevar\u00e1 a cabo siempre y cuando haya un m\u00ednimo de 10 asistentes.<\/p>\n<p style=\"text-align:left;\">&#8211; RESPONSABLE DEL CAMPUS: Carmen Bernabeu (profesora del Colegio Santa Ana)<br \/>\n&#8211; FECHA: 23, 27, 30, 31 de Diciembre\/ 2 y 3 de Enero<br \/>\n&#8211; HORARIOS: de 9 a 13:00 horas, \u00f3 de 9 a 14:00 horas (con servicio de comedor). 31 de Diciembre (9:00 a 13:00)<br \/>\n&#8211; EDADES: Infantil 3 a\u00f1os hasta 6\u00ba de Primaria<br \/>\n&#8211; PRECIO CAMPUS: 50 euros (10\u20ac\/d\u00eda suelto)<br \/>\n&#8211; SERVICIO DE COMEDOR: Si (6 \u20ac\/dia) recogida a las 14:00 horas<br \/>\n&#8211; PERMANENCIAS: Si (4\u20ac\/d\u00eda) entrada a las 8:00 horas.<\/p>\n<p>Para realizar la encuesta deben pinchar en este enlace <span style=\"color:#ff0000;\"><a style=\"color:#ff0000;\" href=\"https:\/\/forms.gle\/CFUttpeAaJtQXtMY7\">https:\/\/forms.gle\/CFUttpeAaJtQXtMY7<\/a><\/span><\/p>\n<p>Una vez recopilada toda la informaci\u00f3n, nos pondremos en contacto con las familias interesadas en caso de celebrarse el Campus.<\/p>\n<p>Gracias.<\/p>\n<p>Carmen Bernabeu Peris<\/p>\n","protected":false},"excerpt":{"rendered":"<p>Con el af\u00e1n de mejorar nuestros servicios hacia las familias, hemos preparado un formulario para recabar informaci\u00f3n y saber cu\u00e1ntas familias estar\u00edan interesadas en inscribir a sus hijos\/as al Campus de Navidad del Colegio Santa Ana. El Campus est\u00e1 abierto para alumnos del Colegio Santa y de otros centros. Se realizar\u00e1n talleres, juegos y manualidades&#8230; <\/p>\n<div class=\"link-more\"><a href=\"https:\/\/www.santaanaalcoi.es\/?p=2183\">Lea m\u00e1s<\/a><\/div>\n","protected":false},"author":3,"featured_media":2185,"comment_status":"open","ping_status":"open","sticky":false,"template":"","format":"standard","meta":{"_jetpack_memberships_contains_paid_content":false,"footnotes":""},"categories":[1],"tags":[],"class_list":["post-2183","post","type-post","status-publish","format-standard","has-post-thumbnail","hentry","category-sin-categoria"],"jetpack_featured_media_url":"https:\/\/www.santaanaalcoi.es\/wp-content\/uploads\/2019\/11\/accordion-paper-christmas-tree-craft.jpg","jetpack_sharing_enabled":true,"_links":{"self":[{"href":"https:\/\/www.santaanaalcoi.es\/index.php?rest_route=\/wp\/v2\/posts\/2183","targetHints":{"allow":["GET"]}}],"collection":[{"href":"https:\/\/www.santaanaalcoi.es\/index.php?rest_route=\/wp\/v2\/posts"}],"about":[{"href":"https:\/\/www.santaanaalcoi.es\/index.php?rest_route=\/wp\/v2\/types\/post"}],"author":[{"embeddable":true,"href":"https:\/\/www.santaanaalcoi.es\/index.php?rest_route=\/wp\/v2\/users\/3"}],"replies":[{"embeddable":true,"href":"https:\/\/www.santaanaalcoi.es\/index.php?rest_route=%2Fwp%2Fv2%2Fcomments&post=2183"}],"version-history":[{"count":0,"href":"https:\/\/www.santaanaalcoi.es\/index.php?rest_route=\/wp\/v2\/posts\/2183\/revisions"}],"wp:featuredmedia":[{"embeddable":true,"href":"https:\/\/www.santaanaalcoi.es\/index.php?rest_route=\/wp\/v2\/media\/2185"}],"wp:attachment":[{"href":"https:\/\/www.santaanaalcoi.es\/index.php?rest_route=%2Fwp%2Fv2%2Fmedia&parent=2183"}],"wp:term":[{"taxonomy":"category","embeddable":true,"href":"https:\/\/www.santaanaalcoi.es\/index.php?rest_route=%2Fwp%2Fv2%2Fcategories&post=2183"},{"taxonomy":"post_tag","embeddable":true,"href":"https:\/\/www.santaanaalcoi.es\/index.php?rest_route=%2Fwp%2Fv2%2Ftags&post=2183"}],"curies":[{"name":"wp","href":"https:\/\/api.w.org\/{rel}","templated":true}]}}