{"id":2114,"date":"2019-05-12T22:46:42","date_gmt":"2019-05-12T22:46:42","guid":{"rendered":"https:\/\/santaanaalcoiweb.wordpress.com\/?p=2114"},"modified":"2019-05-12T22:46:42","modified_gmt":"2019-05-12T22:46:42","slug":"campus-de-verano-2019-preinscripcion-online-ya-disponible","status":"publish","type":"post","link":"https:\/\/www.santaanaalcoi.es\/?p=2114","title":{"rendered":"Campus de Verano 2019: preinscripci\u00f3n ONLINE ya disponible"},"content":{"rendered":"<p><strong>INSCRIPCI\u00d3N ONLINE 2019<\/strong><\/p>\n<p style=\"text-align:justify;\">Queridas familias, a partir de hoy, y hasta el pr\u00f3ximo Viernes, d\u00eda 17 de Mayo a las 23:59 horas, queda abierto el formulario de preinscripci\u00f3n ONLINE para nuestro Campus de Verano 2019. Pasada dicha fecha, por motivos organizativos, se cerrar\u00e1 el formulario, y no ser\u00e1 posible inscribir a m\u00e1s alumnos.<\/p>\n<p style=\"text-align:justify;\">Les recordamos que la admisi\u00f3n al Campus ser\u00e1 por riguroso orden de preinscripci\u00f3n, dando preferencia a alumnos que se inscriban en la opci\u00f3n de Campus completo, y, posteriormente, alumnos de la edici\u00f3n 2018.<\/p>\n<p style=\"text-align:justify;\">Se deber\u00e1 realizar una inscripci\u00f3n por alumno, a trav\u00e9s del siguiente enlace\u00a0<a href=\"https:\/\/forms.gle\/rhFRi5NazNVEkgVw7\" target=\"_blank\" rel=\"noopener\">https:\/\/forms.gle\/rhFRi5NazNVEkgVw7<\/a><\/p>\n<p style=\"text-align:justify;\">A continuaci\u00f3n les mostramos toda la informaci\u00f3n de fechas, horarios, servicios, actividades y tarifas.<\/p>\n<p><img loading=\"lazy\" decoding=\"async\" class=\"alignnone size-full wp-image-2112\" src=\"https:\/\/santaanaalcoiweb.wordpress.com\/wp-content\/uploads\/2019\/05\/tarifas-campus-2019.png\" alt=\"Tarifas Campus 2019\" width=\"1293\" height=\"792\" srcset=\"https:\/\/www.santaanaalcoi.es\/wp-content\/uploads\/2019\/05\/tarifas-campus-2019.png 1293w, https:\/\/www.santaanaalcoi.es\/wp-content\/uploads\/2019\/05\/tarifas-campus-2019-300x184.png 300w, https:\/\/www.santaanaalcoi.es\/wp-content\/uploads\/2019\/05\/tarifas-campus-2019-1024x627.png 1024w, https:\/\/www.santaanaalcoi.es\/wp-content\/uploads\/2019\/05\/tarifas-campus-2019-768x470.png 768w\" sizes=\"auto, (max-width: 1293px) 100vw, 1293px\" \/><\/p>\n","protected":false},"excerpt":{"rendered":"<p>INSCRIPCI\u00d3N ONLINE 2019 Queridas familias, a partir de hoy, y hasta el pr\u00f3ximo Viernes, d\u00eda 17 de Mayo a las 23:59 horas, queda abierto el formulario de preinscripci\u00f3n ONLINE para nuestro Campus de Verano 2019. Pasada dicha fecha, por motivos organizativos, se cerrar\u00e1 el formulario, y no ser\u00e1 posible inscribir a m\u00e1s alumnos. Les recordamos&#8230; <\/p>\n<div class=\"link-more\"><a href=\"https:\/\/www.santaanaalcoi.es\/?p=2114\">Lea m\u00e1s<\/a><\/div>\n","protected":false},"author":3,"featured_media":2116,"comment_status":"open","ping_status":"open","sticky":false,"template":"","format":"standard","meta":{"_jetpack_memberships_contains_paid_content":false,"footnotes":""},"categories":[1],"tags":[],"class_list":["post-2114","post","type-post","status-publish","format-standard","has-post-thumbnail","hentry","category-sin-categoria"],"jetpack_featured_media_url":"https:\/\/www.santaanaalcoi.es\/wp-content\/uploads\/2019\/05\/abiertas-inscripciones-campus-2019-1.jpg","jetpack_sharing_enabled":true,"_links":{"self":[{"href":"https:\/\/www.santaanaalcoi.es\/index.php?rest_route=\/wp\/v2\/posts\/2114","targetHints":{"allow":["GET"]}}],"collection":[{"href":"https:\/\/www.santaanaalcoi.es\/index.php?rest_route=\/wp\/v2\/posts"}],"about":[{"href":"https:\/\/www.santaanaalcoi.es\/index.php?rest_route=\/wp\/v2\/types\/post"}],"author":[{"embeddable":true,"href":"https:\/\/www.santaanaalcoi.es\/index.php?rest_route=\/wp\/v2\/users\/3"}],"replies":[{"embeddable":true,"href":"https:\/\/www.santaanaalcoi.es\/index.php?rest_route=%2Fwp%2Fv2%2Fcomments&post=2114"}],"version-history":[{"count":0,"href":"https:\/\/www.santaanaalcoi.es\/index.php?rest_route=\/wp\/v2\/posts\/2114\/revisions"}],"wp:featuredmedia":[{"embeddable":true,"href":"https:\/\/www.santaanaalcoi.es\/index.php?rest_route=\/wp\/v2\/media\/2116"}],"wp:attachment":[{"href":"https:\/\/www.santaanaalcoi.es\/index.php?rest_route=%2Fwp%2Fv2%2Fmedia&parent=2114"}],"wp:term":[{"taxonomy":"category","embeddable":true,"href":"https:\/\/www.santaanaalcoi.es\/index.php?rest_route=%2Fwp%2Fv2%2Fcategories&post=2114"},{"taxonomy":"post_tag","embeddable":true,"href":"https:\/\/www.santaanaalcoi.es\/index.php?rest_route=%2Fwp%2Fv2%2Ftags&post=2114"}],"curies":[{"name":"wp","href":"https:\/\/api.w.org\/{rel}","templated":true}]}}