{"id":2095,"date":"2019-03-31T18:12:09","date_gmt":"2019-03-31T18:12:09","guid":{"rendered":"https:\/\/santaanaalcoiweb.wordpress.com\/?p=2095"},"modified":"2019-03-31T18:12:09","modified_gmt":"2019-03-31T18:12:09","slug":"colegio-santa-ana-i-campus-de-primavera-hello-spring","status":"publish","type":"post","link":"https:\/\/www.santaanaalcoi.es\/?p=2095","title":{"rendered":"Colegio Santa Ana &#8211; I Campus de Primavera \u00abHello Spring!\u00bb"},"content":{"rendered":"<p style=\"text-align:justify;\">Estimadas familias,<\/p>\n<p style=\"text-align:justify;\">Nos complace informarles que, debido a la gran demanda, queda confirmada la realizaci\u00f3n del <strong>I CAMPUS DE PRIMAVERA \u201cHELLO SPRING!\u201d,\u00a0<\/strong>que se llevar\u00e1 a cabo los d\u00edas 23, 24, 25 y 26 de Abril en el Colegio Santa Ana para los alumnos de Infantil y Primaria. La inscripci\u00f3n se abre tambi\u00e9n a alumn@s de fuera del colegio.<\/p>\n<p style=\"text-align:justify;\">Para confirmar asistencia, se debe abonar el importe al n\u00famero de cuenta\u00a0<strong>ES70 0081 1009 8200 0103 4304<\/strong> indicando \u201cCAMPUS + nombre del alumno y curso\u201d, o mediante pago con tarjeta en la secretar\u00eda del centro, en horario de atenci\u00f3n, <strong>hasta el Viernes d\u00eda 12 de Abril.<\/strong><\/p>\n<p style=\"text-align:justify;\"><strong>CAMPUS <\/strong>(9:00h-13:00h): 50\u20ac<\/p>\n<p style=\"text-align:justify;\"><strong>PERMANENCIA <\/strong>(8:00h-9:00h): 5\u20ac\/d\u00eda<\/p>\n<p style=\"text-align:justify;\"><strong>COMEDOR<\/strong> (13:00h-14:00h): 6\u20ac\/d\u00eda<\/p>\n<p>En el siguiente enlace se puede descargar la <a href=\"https:\/\/santaanaalcoiweb.wordpress.com\/wp-content\/uploads\/2019\/03\/campus-primavera-colegio-santa-ana.pdf\" target=\"_blank\" rel=\"noopener noreferrer\">hoja de inscripci\u00f3n<\/a><\/p>\n<p>Para m\u00e1s informaci\u00f3n se puede llamar al 965332228 preguntando por Carmen Bernab\u00e9u (coordinadora del Campus Hello Spring!).<\/p>\n","protected":false},"excerpt":{"rendered":"<p>Estimadas familias, Nos complace informarles que, debido a la gran demanda, queda confirmada la realizaci\u00f3n del I CAMPUS DE PRIMAVERA \u201cHELLO SPRING!\u201d,\u00a0que se llevar\u00e1 a cabo los d\u00edas 23, 24, 25 y 26 de Abril en el Colegio Santa Ana para los alumnos de Infantil y Primaria. La inscripci\u00f3n se abre tambi\u00e9n a alumn@s de&#8230; <\/p>\n<div class=\"link-more\"><a href=\"https:\/\/www.santaanaalcoi.es\/?p=2095\">Lea m\u00e1s<\/a><\/div>\n","protected":false},"author":3,"featured_media":2096,"comment_status":"open","ping_status":"open","sticky":false,"template":"","format":"standard","meta":{"_jetpack_memberships_contains_paid_content":false,"footnotes":""},"categories":[1],"tags":[],"class_list":["post-2095","post","type-post","status-publish","format-standard","has-post-thumbnail","hentry","category-sin-categoria"],"jetpack_featured_media_url":"https:\/\/www.santaanaalcoi.es\/wp-content\/uploads\/2019\/03\/campus-de-primavera-con-fechas-e1582239058493.jpg","jetpack_sharing_enabled":true,"_links":{"self":[{"href":"https:\/\/www.santaanaalcoi.es\/index.php?rest_route=\/wp\/v2\/posts\/2095","targetHints":{"allow":["GET"]}}],"collection":[{"href":"https:\/\/www.santaanaalcoi.es\/index.php?rest_route=\/wp\/v2\/posts"}],"about":[{"href":"https:\/\/www.santaanaalcoi.es\/index.php?rest_route=\/wp\/v2\/types\/post"}],"author":[{"embeddable":true,"href":"https:\/\/www.santaanaalcoi.es\/index.php?rest_route=\/wp\/v2\/users\/3"}],"replies":[{"embeddable":true,"href":"https:\/\/www.santaanaalcoi.es\/index.php?rest_route=%2Fwp%2Fv2%2Fcomments&post=2095"}],"version-history":[{"count":0,"href":"https:\/\/www.santaanaalcoi.es\/index.php?rest_route=\/wp\/v2\/posts\/2095\/revisions"}],"wp:featuredmedia":[{"embeddable":true,"href":"https:\/\/www.santaanaalcoi.es\/index.php?rest_route=\/wp\/v2\/media\/2096"}],"wp:attachment":[{"href":"https:\/\/www.santaanaalcoi.es\/index.php?rest_route=%2Fwp%2Fv2%2Fmedia&parent=2095"}],"wp:term":[{"taxonomy":"category","embeddable":true,"href":"https:\/\/www.santaanaalcoi.es\/index.php?rest_route=%2Fwp%2Fv2%2Fcategories&post=2095"},{"taxonomy":"post_tag","embeddable":true,"href":"https:\/\/www.santaanaalcoi.es\/index.php?rest_route=%2Fwp%2Fv2%2Ftags&post=2095"}],"curies":[{"name":"wp","href":"https:\/\/api.w.org\/{rel}","templated":true}]}}