{"id":2089,"date":"2019-03-06T20:03:17","date_gmt":"2019-03-06T20:03:17","guid":{"rendered":"https:\/\/santaanaalcoiweb.wordpress.com\/?p=2089"},"modified":"2019-03-06T20:03:17","modified_gmt":"2019-03-06T20:03:17","slug":"campus-de-primavera-hello-spring-formulario-de-consulta","status":"publish","type":"post","link":"https:\/\/www.santaanaalcoi.es\/?p=2089","title":{"rendered":"Campus de Primavera \u00abHello Spring!\u00bb (formulario de consulta)"},"content":{"rendered":"<div id=\"js_w9i\" class=\"_5pbx userContent _3576\">\n<p style=\"text-align:justify;\"><span class=\"_5mfr\"><span class=\"_6qdm\">\ud83c\udf3c<\/span><\/span>CAMPUS DE PRIMAVERA \u00abHELLO SPRING!\u00bb<span class=\"_5mfr\"><span class=\"_6qdm\">\ud83c\udf3a<\/span><\/span><\/p>\n<p style=\"text-align:justify;\"><span class=\"_5mfr\"><span class=\"_6qdm\">\ud83d\udc49<\/span><\/span>Con el af\u00e1n de mejorar nuestros servicios, y debido a la demanda de muchas familias, hemos preparado un formulario para recabar informaci\u00f3n, y conocer cu\u00e1ntas familias estar\u00edan interesadas en inscribir a sus hijos\/as al Campus de Primavera \u00abHELLO SPRING!\u00bb del Colegio Santa Ana.<\/p>\n<p style=\"text-align:justify;\"><span class=\"_5mfr\"><span class=\"_6qdm\">\ud83d\ude09<\/span><\/span>\u00a1Muchas gracias!<span class=\"_5mfr\"><span class=\"_6qdm\">\ud83d\ude09<\/span><\/span><\/p>\n<p style=\"text-align:justify;\">Para acceder al formulario, click en el siguiente enlace:<br \/>\n<a href=\"https:\/\/goo.gl\/forms\/dU4tAuZNX7paboF42\" target=\"_blank\" rel=\"noopener nofollow noreferrer\">Formulario consulta<\/a><\/p>\n<p style=\"text-align:justify;\"><a class=\"_58cn\" href=\"https:\/\/www.facebook.com\/hashtag\/campusdeprimavera?source=feed_text&amp;epa=HASHTAG&amp;__xts__%5B0%5D=68.ARBi3UC6DY3j9bVUc9rUgYIt5Ab4D5CHsNvoYsaW2n7IKBFmPPdURaq4wl52u4wHyWYw38n93tNCvGdxu6Dfg3-kXmJmp8KrTwH0rHwrNAgbTMEBATBiYUhT2Aip_cOVrs_MjCbRSqoU3T7BBeY51Flgm2lMPko_C3-I9dz7Mvzgm_rcp_RK8ywaEE1geVisXZ1vWF8-8Oa0ZTXUmpu-evPstQJQRSmrgjG_ZcZqRPujBlCuwMw9MmYC8X_RDEe9QvcVDzpTEwsXpIfgTJqh_KzSyOLD0qwNhiQtDEOIOTDmCa7w3ZZBmwcCZw-mFsRave554oB8zWEMpbV4enxY87bH5Q&amp;__tn__=%2ANK-R\"><span class=\"_5afx\"><span class=\"_58cl _5afz\" aria-label=\"hashtag\">#<\/span><span class=\"_58cm\">CampusDePrimavera<\/span><\/span><\/a> <a class=\"_58cn\" href=\"https:\/\/www.facebook.com\/hashtag\/hellospring?source=feed_text&amp;epa=HASHTAG&amp;__xts__%5B0%5D=68.ARBi3UC6DY3j9bVUc9rUgYIt5Ab4D5CHsNvoYsaW2n7IKBFmPPdURaq4wl52u4wHyWYw38n93tNCvGdxu6Dfg3-kXmJmp8KrTwH0rHwrNAgbTMEBATBiYUhT2Aip_cOVrs_MjCbRSqoU3T7BBeY51Flgm2lMPko_C3-I9dz7Mvzgm_rcp_RK8ywaEE1geVisXZ1vWF8-8Oa0ZTXUmpu-evPstQJQRSmrgjG_ZcZqRPujBlCuwMw9MmYC8X_RDEe9QvcVDzpTEwsXpIfgTJqh_KzSyOLD0qwNhiQtDEOIOTDmCa7w3ZZBmwcCZw-mFsRave554oB8zWEMpbV4enxY87bH5Q&amp;__tn__=%2ANK-R\"><span class=\"_5afx\"><span class=\"_58cl _5afz\" aria-label=\"hashtag\">#<\/span><span class=\"_58cm\">HelloSpring<\/span><\/span><\/a> <a class=\"_58cn\" href=\"https:\/\/www.facebook.com\/hashtag\/santaanaalcoi?source=feed_text&amp;epa=HASHTAG&amp;__xts__%5B0%5D=68.ARBi3UC6DY3j9bVUc9rUgYIt5Ab4D5CHsNvoYsaW2n7IKBFmPPdURaq4wl52u4wHyWYw38n93tNCvGdxu6Dfg3-kXmJmp8KrTwH0rHwrNAgbTMEBATBiYUhT2Aip_cOVrs_MjCbRSqoU3T7BBeY51Flgm2lMPko_C3-I9dz7Mvzgm_rcp_RK8ywaEE1geVisXZ1vWF8-8Oa0ZTXUmpu-evPstQJQRSmrgjG_ZcZqRPujBlCuwMw9MmYC8X_RDEe9QvcVDzpTEwsXpIfgTJqh_KzSyOLD0qwNhiQtDEOIOTDmCa7w3ZZBmwcCZw-mFsRave554oB8zWEMpbV4enxY87bH5Q&amp;__tn__=%2ANK-R\"><span class=\"_5afx\"><span class=\"_58cl _5afz\" aria-label=\"hashtag\">#<\/span><span class=\"_58cm\">SantaAnaAlcoi<\/span><\/span><\/a> <span class=\"_5afx\"><a class=\"_58cn\" href=\"https:\/\/www.facebook.com\/hashtag\/somosfamilia?source=feed_text&amp;epa=HASHTAG&amp;__xts__%5B0%5D=68.ARBi3UC6DY3j9bVUc9rUgYIt5Ab4D5CHsNvoYsaW2n7IKBFmPPdURaq4wl52u4wHyWYw38n93tNCvGdxu6Dfg3-kXmJmp8KrTwH0rHwrNAgbTMEBATBiYUhT2Aip_cOVrs_MjCbRSqoU3T7BBeY51Flgm2lMPko_C3-I9dz7Mvzgm_rcp_RK8ywaEE1geVisXZ1vWF8-8Oa0ZTXUmpu-evPstQJQRSmrgjG_ZcZqRPujBlCuwMw9MmYC8X_RDEe9QvcVDzpTEwsXpIfgTJqh_KzSyOLD0qwNhiQtDEOIOTDmCa7w3ZZBmwcCZw-mFsRave554oB8zWEMpbV4enxY87bH5Q&amp;__tn__=%2ANK-R\"><span class=\"_58cl _5afz\" aria-label=\"hashtag\">#<\/span><span class=\"_58cm\">SomosFamilia<\/span><\/a><\/span><\/p>\n<\/div>\n","protected":false},"excerpt":{"rendered":"<p>\ud83c\udf3cCAMPUS DE PRIMAVERA \u00abHELLO SPRING!\u00bb\ud83c\udf3a \ud83d\udc49Con el af\u00e1n de mejorar nuestros servicios, y debido a la demanda de muchas familias, hemos preparado un formulario para recabar informaci\u00f3n, y conocer cu\u00e1ntas familias estar\u00edan interesadas en inscribir a sus hijos\/as al Campus de Primavera \u00abHELLO SPRING!\u00bb del Colegio Santa Ana. \ud83d\ude09\u00a1Muchas gracias!\ud83d\ude09 Para acceder al formulario, click&#8230; <\/p>\n<div class=\"link-more\"><a href=\"https:\/\/www.santaanaalcoi.es\/?p=2089\">Lea m\u00e1s<\/a><\/div>\n","protected":false},"author":3,"featured_media":2090,"comment_status":"open","ping_status":"open","sticky":false,"template":"","format":"standard","meta":{"_jetpack_memberships_contains_paid_content":false,"footnotes":""},"categories":[1],"tags":[],"class_list":["post-2089","post","type-post","status-publish","format-standard","has-post-thumbnail","hentry","category-sin-categoria"],"jetpack_featured_media_url":"https:\/\/www.santaanaalcoi.es\/wp-content\/uploads\/2019\/03\/hello-spring-quote-on-picture-with-white-flowers.jpg","jetpack_sharing_enabled":true,"_links":{"self":[{"href":"https:\/\/www.santaanaalcoi.es\/index.php?rest_route=\/wp\/v2\/posts\/2089","targetHints":{"allow":["GET"]}}],"collection":[{"href":"https:\/\/www.santaanaalcoi.es\/index.php?rest_route=\/wp\/v2\/posts"}],"about":[{"href":"https:\/\/www.santaanaalcoi.es\/index.php?rest_route=\/wp\/v2\/types\/post"}],"author":[{"embeddable":true,"href":"https:\/\/www.santaanaalcoi.es\/index.php?rest_route=\/wp\/v2\/users\/3"}],"replies":[{"embeddable":true,"href":"https:\/\/www.santaanaalcoi.es\/index.php?rest_route=%2Fwp%2Fv2%2Fcomments&post=2089"}],"version-history":[{"count":0,"href":"https:\/\/www.santaanaalcoi.es\/index.php?rest_route=\/wp\/v2\/posts\/2089\/revisions"}],"wp:featuredmedia":[{"embeddable":true,"href":"https:\/\/www.santaanaalcoi.es\/index.php?rest_route=\/wp\/v2\/media\/2090"}],"wp:attachment":[{"href":"https:\/\/www.santaanaalcoi.es\/index.php?rest_route=%2Fwp%2Fv2%2Fmedia&parent=2089"}],"wp:term":[{"taxonomy":"category","embeddable":true,"href":"https:\/\/www.santaanaalcoi.es\/index.php?rest_route=%2Fwp%2Fv2%2Fcategories&post=2089"},{"taxonomy":"post_tag","embeddable":true,"href":"https:\/\/www.santaanaalcoi.es\/index.php?rest_route=%2Fwp%2Fv2%2Ftags&post=2089"}],"curies":[{"name":"wp","href":"https:\/\/api.w.org\/{rel}","templated":true}]}}