{"id":2084,"date":"2019-03-04T17:45:23","date_gmt":"2019-03-04T17:45:23","guid":{"rendered":"https:\/\/santaanaalcoiweb.wordpress.com\/?p=2084"},"modified":"2019-03-04T17:45:23","modified_gmt":"2019-03-04T17:45:23","slug":"colegio-santa-ana-puertas-abiertas-2019","status":"publish","type":"post","link":"https:\/\/www.santaanaalcoi.es\/?p=2084","title":{"rendered":"Colegio Santa Ana: Puertas Abiertas 2019"},"content":{"rendered":"<p style=\"text-align:justify;\">Estimadas familias, un a\u00f1o m\u00e1s, os presentamos nuestras Jornadas de Puertas Abiertas, que este a\u00f1o llegan bajo el lema \u00abWe Are Family\u00bb, porque nos enorgullecemos de poder gritar a los cuatro vientos que somos \u00abuna maravillosa gran familia\u00bb.<\/p>\n<p><span class=\"_5mfr _47e3\"><span class=\"_7oe\">\ud83d\uddd3\ufe0f<\/span><\/span>Pr\u00f3ximos 2 y 6 de ABRIL<span class=\"_5mfr _47e3\"><span class=\"_7oe\">\ud83d\uddd3\ufe0f<\/span><\/span><\/p>\n<ul>\n<li>Martes 2 de Abril de 9:15h. a 10:30h.<\/li>\n<li>Martes 2 de Abril de 11:00h. a 12:30h.<\/li>\n<li>S\u00e1bado 6 de Abril de 10:00h. a 11:30h.<\/li>\n<li>S\u00e1bado 6 de Abril de 11:30h. a 13:00h.<\/li>\n<\/ul>\n<p style=\"text-align:center;\"><strong>\u00a1OS VAMOS A SORPRENDER!<\/strong><\/p>\n<ol>\n<li style=\"text-align:justify;\">V<span class=\"text_exposed_show\">isita nuestra Escoleta Infantil<\/span><\/li>\n<li style=\"text-align:justify;\"><span class=\"text_exposed_show\">Vive el Proyecto English Time (premiado por la Conseller\u00eda de Educaci\u00f3n).<\/span><\/li>\n<li style=\"text-align:justify;\"><span class=\"text_exposed_show\">Pasea por nuestro Huerto Ecol\u00f3gico-Did\u00e1ctico<\/span><\/li>\n<li style=\"text-align:justify;\"><span class=\"text_exposed_show\">Ad\u00e9ntrate en la pedagog\u00eda y proyectos de Educaci\u00f3n Infantil y Primaria<\/span><\/li>\n<li style=\"text-align:justify;\">Conoce el m\u00e9todo \u00abPiensa Infinito\u00bb (Singapur), para el aprendizaje de las Matem\u00e1ticas, del que somos centro pionero en Espa\u00f1a<\/li>\n<li style=\"text-align:justify;\"><span class=\"text_exposed_show\">Pregunta por nuestra Jornada Continua, y c\u00f3mo \u00e9sta favorece la conciliaci\u00f3n familiar<\/span><\/li>\n<li style=\"text-align:justify;\"><span class=\"text_exposed_show\">Recorre todas nuestras instalaciones (sala multiusos, aula de m\u00fasica, comedor escolar, aula abierta, Infantil, Primaria y Secundaria)<br \/>\n<\/span><\/li>\n<li style=\"text-align:justify;\"><span class=\"text_exposed_show\">Ponte una\u00a0<a class=\"_58cn\" href=\"https:\/\/www.facebook.com\/hashtag\/mochilaparalavida?source=feed_text\"><span class=\"_5afx\"><span class=\"_58cl _5afz\">#<\/span><span class=\"_58cm\">MochilaParaLaVida<\/span><\/span><\/a>\u00a0<\/span><\/li>\n<\/ol>\n<p style=\"text-align:center;\"><strong><span class=\"text_exposed_show\">\u00a1RESERVA YA TU VISITA!<\/span><\/strong><\/p>\n<p style=\"text-align:center;\"><span class=\"text_exposed_show\">Para reservar la visita y elegir tu horario, nos puedes llamar por las ma\u00f1anas al tel\u00e9fono 965332228, o bien rellenar el cuestionario que encontrar\u00e1s en el siguiente enlace.<br \/>\n<span class=\"_5mfr _47e3\"><img loading=\"lazy\" decoding=\"async\" class=\"img\" role=\"presentation\" src=\"https:\/\/static.xx.fbcdn.net\/images\/emoji.php\/v9\/f51\/1\/16\/1f449.png\" alt=\"\" width=\"16\" height=\"16\" \/><span class=\"_7oe\">\ud83d\udc49<a href=\"https:\/\/goo.gl\/forms\/eUi2jONNML08Kzii2\" target=\"_blank\" rel=\"noopener noreferrer\">https:\/\/goo.gl\/forms\/eUi2jONNML08Kzii2<\/a><\/span><\/span><a href=\"https:\/\/goo.gl\/forms\/eUi2jONNML08Kzii2\" target=\"_blank\" rel=\"noopener nofollow noreferrer\"><span class=\"_5mfr _47e3\"><img loading=\"lazy\" decoding=\"async\" class=\"img\" role=\"presentation\" src=\"https:\/\/static.xx.fbcdn.net\/images\/emoji.php\/v9\/fd0\/1\/16\/1f448.png\" alt=\"\" width=\"16\" height=\"16\" \/><span class=\"_7oe\">\ud83d\udc48<\/span><\/span><\/a><\/span><\/p>\n<div class=\"text_exposed_show\" style=\"text-align:center;\">\n<p>[youtube https:\/\/www.youtube.com\/watch?v=GwhV8DK5Hs8&amp;w=560&amp;h=315]<\/p>\n<\/div>\n<div><\/div>\n<div class=\"text_exposed_show\" style=\"text-align:center;\">\u00abUna peque\u00f1a gran familia te est\u00e1 esperando\u00bb<\/div>\n<div class=\"text_exposed_show\" style=\"text-align:center;\">#PuertasAbiertas2019 #SantaAnaAlcoi #MochilasParaLaVida<\/div>\n","protected":false},"excerpt":{"rendered":"<p>Estimadas familias, un a\u00f1o m\u00e1s, os presentamos nuestras Jornadas de Puertas Abiertas, que este a\u00f1o llegan bajo el lema \u00abWe Are Family\u00bb, porque nos enorgullecemos de poder gritar a los cuatro vientos que somos \u00abuna maravillosa gran familia\u00bb. \ud83d\uddd3\ufe0fPr\u00f3ximos 2 y 6 de ABRIL\ud83d\uddd3\ufe0f Martes 2 de Abril de 9:15h. a 10:30h. Martes 2 de&#8230; <\/p>\n<div class=\"link-more\"><a href=\"https:\/\/www.santaanaalcoi.es\/?p=2084\">Lea m\u00e1s<\/a><\/div>\n","protected":false},"author":3,"featured_media":2085,"comment_status":"open","ping_status":"open","sticky":false,"template":"","format":"standard","meta":{"_jetpack_memberships_contains_paid_content":false,"footnotes":""},"categories":[1],"tags":[],"class_list":["post-2084","post","type-post","status-publish","format-standard","has-post-thumbnail","hentry","category-sin-categoria"],"jetpack_featured_media_url":"https:\/\/www.santaanaalcoi.es\/wp-content\/uploads\/2019\/03\/puertas-abiertas-final-2019-scaled.jpg","jetpack_sharing_enabled":true,"_links":{"self":[{"href":"https:\/\/www.santaanaalcoi.es\/index.php?rest_route=\/wp\/v2\/posts\/2084","targetHints":{"allow":["GET"]}}],"collection":[{"href":"https:\/\/www.santaanaalcoi.es\/index.php?rest_route=\/wp\/v2\/posts"}],"about":[{"href":"https:\/\/www.santaanaalcoi.es\/index.php?rest_route=\/wp\/v2\/types\/post"}],"author":[{"embeddable":true,"href":"https:\/\/www.santaanaalcoi.es\/index.php?rest_route=\/wp\/v2\/users\/3"}],"replies":[{"embeddable":true,"href":"https:\/\/www.santaanaalcoi.es\/index.php?rest_route=%2Fwp%2Fv2%2Fcomments&post=2084"}],"version-history":[{"count":0,"href":"https:\/\/www.santaanaalcoi.es\/index.php?rest_route=\/wp\/v2\/posts\/2084\/revisions"}],"wp:featuredmedia":[{"embeddable":true,"href":"https:\/\/www.santaanaalcoi.es\/index.php?rest_route=\/wp\/v2\/media\/2085"}],"wp:attachment":[{"href":"https:\/\/www.santaanaalcoi.es\/index.php?rest_route=%2Fwp%2Fv2%2Fmedia&parent=2084"}],"wp:term":[{"taxonomy":"category","embeddable":true,"href":"https:\/\/www.santaanaalcoi.es\/index.php?rest_route=%2Fwp%2Fv2%2Fcategories&post=2084"},{"taxonomy":"post_tag","embeddable":true,"href":"https:\/\/www.santaanaalcoi.es\/index.php?rest_route=%2Fwp%2Fv2%2Ftags&post=2084"}],"curies":[{"name":"wp","href":"https:\/\/api.w.org\/{rel}","templated":true}]}}