{"id":2078,"date":"2019-02-18T09:00:15","date_gmt":"2019-02-18T09:00:15","guid":{"rendered":"https:\/\/santaanaalcoiweb.wordpress.com\/?p=2078"},"modified":"2019-02-18T09:00:15","modified_gmt":"2019-02-18T09:00:15","slug":"juega-conmigo-nuevo-proyecto-aps-en-colaboracion-con-la-residencia-de-mayores-domusvi-de-oliver","status":"publish","type":"post","link":"https:\/\/www.santaanaalcoi.es\/?p=2078","title":{"rendered":"Juega conmigo: nuevo proyecto APS en colaboraci\u00f3n con la residencia de mayores DomusVi de Oliver"},"content":{"rendered":"<p style=\"text-align:justify;\">En nuestra labor de educar a los alumnos de Santa Ana en la solidaridad, nace \u00abJuega conmigo\u00bb, un nuevo proyeto APS (Aprendizaje Servicio), en colaboraci\u00f3n con la Residencia de mayores DomusVi de la calle Oliver.<\/p>\n<p style=\"text-align:justify;\">En este primer a\u00f1o el proyecto constar\u00e1 de una visita al mes de los alumnos de 2\u00ba de Primaria, con la finalidad de pasar un buen rato con las personas mayores all\u00ed alojadas.<\/p>\n<p style=\"text-align:justify;\">Las visitas van a tener un objetivo l\u00fadico-pedag\u00f3gico, y en ellas, nuestros alumnos ense\u00f1ar\u00e1n a jugar a los abuelitos a los juegos de l\u00f3gica, percepci\u00f3n visual y agilidad mental que tenemos en el aula, y que tanto \u00e9xito est\u00e1n teniendo este a\u00f1o.<\/p>\n<p><img loading=\"lazy\" decoding=\"async\" class=\" size-medium wp-image-2079 alignright\" src=\"https:\/\/santaanaalcoiweb.wordpress.com\/wp-content\/uploads\/2019\/02\/img_3598-copia-2.jpg?w=300\" alt=\"IMG_3598 copia 2\" width=\"300\" height=\"300\" srcset=\"https:\/\/www.santaanaalcoi.es\/wp-content\/uploads\/2019\/02\/img_3598-copia-2.jpg 2099w, https:\/\/www.santaanaalcoi.es\/wp-content\/uploads\/2019\/02\/img_3598-copia-2-300x300.jpg 300w, https:\/\/www.santaanaalcoi.es\/wp-content\/uploads\/2019\/02\/img_3598-copia-2-1024x1024.jpg 1024w, https:\/\/www.santaanaalcoi.es\/wp-content\/uploads\/2019\/02\/img_3598-copia-2-150x150.jpg 150w, https:\/\/www.santaanaalcoi.es\/wp-content\/uploads\/2019\/02\/img_3598-copia-2-768x768.jpg 768w, https:\/\/www.santaanaalcoi.es\/wp-content\/uploads\/2019\/02\/img_3598-copia-2-1536x1536.jpg 1536w, https:\/\/www.santaanaalcoi.es\/wp-content\/uploads\/2019\/02\/img_3598-copia-2-2048x2048.jpg 2048w\" sizes=\"auto, (max-width: 300px) 100vw, 300px\" \/><\/p>\n<p style=\"text-align:justify;\">Las impresiones tras la primera reuni\u00f3n con la psic\u00f3loga y el TASOC de la residencia fueron magn\u00edficas, mostrando gran onter\u00e9s por dar comienzo a este proyecto. Les ense\u00f1amos el funcionamiento de los juegos, y lo que se puede trabajar con cada uno de ellos, y se est\u00e1n planteando adquirir algunos si ven que les gustan.<\/p>\n<p style=\"text-align:justify;\">Nuestra idea es que los alumnos toquen la solidaridad con sus propias manos desde bien peque\u00f1os, y vean de primera mano que se puede ayudar a alguien, y no es preciso que sea solo econ\u00f3micamente o con algo material. Podemos hacer felices a los dem\u00e1s con nuestra compa\u00f1\u00eda, amor y cari\u00f1o. Los ni\u00f1os tienen muy interiorizada la idea de la solidaridad ligada a la ayuda econ\u00f3mica, y es algo que debemos cambiar.<\/p>\n<p style=\"text-align:justify;\">Las fechas en las que llevaremos a cabo el proyecto ser\u00e1n:<br \/>\n&#8211; 18 de Febrero, 11 de Marzo, 8 de Abril y 13 de Mayo.<\/p>\n<p style=\"text-align:justify;\">Hoy empezamos con nuestra primera visita, que tendr\u00e1 lugar de 12:15 a 13:10 horas.<\/p>\n<p style=\"text-align:justify;\">Esperamos ir de la mano de las familias y que, desde casa, nos acompa\u00f1en en el camino, hablando con ellos y pregunt\u00e1ndoles como les va la experiencia.<\/p>\n<p style=\"text-align:justify;\">En el Colegio Santa Ana tenemos muy claro que esto es un trabajo conjunto, y unidos, estamos convencidos de que haremos de ellos grandes estudiantes y maravillosos ciudadanos.<\/p>\n","protected":false},"excerpt":{"rendered":"<p>En nuestra labor de educar a los alumnos de Santa Ana en la solidaridad, nace \u00abJuega conmigo\u00bb, un nuevo proyeto APS (Aprendizaje Servicio), en colaboraci\u00f3n con la Residencia de mayores DomusVi de la calle Oliver. En este primer a\u00f1o el proyecto constar\u00e1 de una visita al mes de los alumnos de 2\u00ba de Primaria, con&#8230; <\/p>\n<div class=\"link-more\"><a href=\"https:\/\/www.santaanaalcoi.es\/?p=2078\">Lea m\u00e1s<\/a><\/div>\n","protected":false},"author":3,"featured_media":2077,"comment_status":"open","ping_status":"open","sticky":false,"template":"","format":"standard","meta":{"_jetpack_memberships_contains_paid_content":false,"footnotes":""},"categories":[1],"tags":[],"class_list":["post-2078","post","type-post","status-publish","format-standard","has-post-thumbnail","hentry","category-sin-categoria"],"jetpack_featured_media_url":"https:\/\/www.santaanaalcoi.es\/wp-content\/uploads\/2019\/02\/juega-conmigo-logo-domusvi.jpg","jetpack_sharing_enabled":true,"_links":{"self":[{"href":"https:\/\/www.santaanaalcoi.es\/index.php?rest_route=\/wp\/v2\/posts\/2078","targetHints":{"allow":["GET"]}}],"collection":[{"href":"https:\/\/www.santaanaalcoi.es\/index.php?rest_route=\/wp\/v2\/posts"}],"about":[{"href":"https:\/\/www.santaanaalcoi.es\/index.php?rest_route=\/wp\/v2\/types\/post"}],"author":[{"embeddable":true,"href":"https:\/\/www.santaanaalcoi.es\/index.php?rest_route=\/wp\/v2\/users\/3"}],"replies":[{"embeddable":true,"href":"https:\/\/www.santaanaalcoi.es\/index.php?rest_route=%2Fwp%2Fv2%2Fcomments&post=2078"}],"version-history":[{"count":0,"href":"https:\/\/www.santaanaalcoi.es\/index.php?rest_route=\/wp\/v2\/posts\/2078\/revisions"}],"wp:featuredmedia":[{"embeddable":true,"href":"https:\/\/www.santaanaalcoi.es\/index.php?rest_route=\/wp\/v2\/media\/2077"}],"wp:attachment":[{"href":"https:\/\/www.santaanaalcoi.es\/index.php?rest_route=%2Fwp%2Fv2%2Fmedia&parent=2078"}],"wp:term":[{"taxonomy":"category","embeddable":true,"href":"https:\/\/www.santaanaalcoi.es\/index.php?rest_route=%2Fwp%2Fv2%2Fcategories&post=2078"},{"taxonomy":"post_tag","embeddable":true,"href":"https:\/\/www.santaanaalcoi.es\/index.php?rest_route=%2Fwp%2Fv2%2Ftags&post=2078"}],"curies":[{"name":"wp","href":"https:\/\/api.w.org\/{rel}","templated":true}]}}