{"id":2047,"date":"2018-11-23T12:15:12","date_gmt":"2018-11-23T12:15:12","guid":{"rendered":"https:\/\/santaanaalcoiweb.wordpress.com\/?p=2047"},"modified":"2018-11-23T12:15:12","modified_gmt":"2018-11-23T12:15:12","slug":"la-concertada-alcoiana-recull-3-000-signatures-i-protesta-contra-leliminacio-de-compensatories","status":"publish","type":"post","link":"https:\/\/www.santaanaalcoi.es\/?p=2047","title":{"rendered":"La concertada alcoiana recull 3.000 signatures i protesta contra l\u2019eliminaci\u00f3 de compensat\u00f2ries"},"content":{"rendered":"<p style=\"text-align:justify;\"><strong>Unes 200 persones pertanyents als centres d\u2019educaci\u00f3 concertada alcoians s\u2019han concentrat a la Pla\u00e7a d\u2019Espanya d\u2019Alcoi per a protestar per les retallades d\u2019hores de concertada estipulades per la Conselleria d\u2019Educaci\u00f3. Aquest fet, afirmen, suposa una dificultat afegida per als alumnes que necessiten refor\u00e7os educatius, pel que han recollit 3.000 signatures amb la finalitat de revertir les 61 hores retallades, que afecten a 4 centres concertats de la ciutat.<\/strong><\/p>\n<p style=\"text-align:center;\">[youtube https:\/\/www.youtube.com\/watch?v=Q3Sk8FBWdtE&amp;w=560&amp;h=315]<\/p>\n<p style=\"text-align:justify;\">Durant segles, els condicionants ideol\u00f2gics de la classe dominant a Espanya ha deixat l\u2019educaci\u00f3 en mans privades, fins que l\u2019educaci\u00f3 va comen\u00e7ar a ser considerada com un dret de la poblaci\u00f3 que es devia prestar des de la pr\u00f2pia administraci\u00f3. Un fet que ha detonat que bona part de les localitats amb una relativa poblaci\u00f3 encara tinguen centres b\u00e9 privats o b\u00e9 concertats. Aquests \u00faltims s\u00f3n aquells que funcionen tant amb subvencions p\u00fabliques com amb aportacions de les fam\u00edlies dels alumnes, i s\u00f3n coneguts com a centres concertats.<\/p>\n<p style=\"text-align:justify;\">A la ciutat d\u2019Alcoi existeixen fins a 9 centres educatius de car\u00e0cter concertat, que s\u2019afegeixen als 10 p\u00fablics de que gaudeix la poblaci\u00f3. Cara a aquest curs, la Conselleria d\u2019Educaci\u00f3 ha decidit suprimir 91 hores conegudes com de compensat\u00f2ria, aquelles dedicades a refor\u00e7ar als alumnes que necessiten un plus en la seua formaci\u00f3. Finalment, el retall s\u2019ha quedat en 61 hores, fet pel que els integrants de la concertada alcoiana han recaptat 3.000 signatures per a aturar aquesta mesura, a les que s\u2019afegeix una protesta de 200 dels seus integrants a la Bandeja d\u2019Alcoi.<\/p>\n<p style=\"text-align:justify;\">Les signatures han sigut entregades en l\u2019Ajuntament d\u2019Alcoi, que ja ha mostrat el seu suport als centres davant la retallada d\u2019hores considerades com a necess\u00e0ries per a la correcta formaci\u00f3 dels alumnes. Precisament els efectes perjudicials que pot tindre la supressi\u00f3 d\u2019hores de compensat\u00f2ria per part del personal dels centres en els alumnes est\u00e0 en el centre de la protesta dels integrants. El retall afecta principalment a 4 centres concertats alcoians: Santa Ana i Carmelites, en major mida, i Pa\u00fales i Jos\u00e9 Arnauda en menor.<\/p>\n<p style=\"text-align:justify;\">L\u2019objecte de les protestes no \u00e9s altre que revertir la supressi\u00f3 d\u2019hores per a benefici dels alumnes d\u2019aquests centres que ho necessiten.<\/p>\n<p><strong>Fuente:<\/strong> http:\/\/www.tv-a.es<\/p>\n","protected":false},"excerpt":{"rendered":"<p>Unes 200 persones pertanyents als centres d\u2019educaci\u00f3 concertada alcoians s\u2019han concentrat a la Pla\u00e7a d\u2019Espanya d\u2019Alcoi per a protestar per les retallades d\u2019hores de concertada estipulades per la Conselleria d\u2019Educaci\u00f3. Aquest fet, afirmen, suposa una dificultat afegida per als alumnes que necessiten refor\u00e7os educatius, pel que han recollit 3.000 signatures amb la finalitat de revertir&#8230; <\/p>\n<div class=\"link-more\"><a href=\"https:\/\/www.santaanaalcoi.es\/?p=2047\">Lea m\u00e1s<\/a><\/div>\n","protected":false},"author":3,"featured_media":2048,"comment_status":"open","ping_status":"open","sticky":false,"template":"","format":"standard","meta":{"_jetpack_memberships_contains_paid_content":false,"footnotes":""},"categories":[1],"tags":[],"class_list":["post-2047","post","type-post","status-publish","format-standard","has-post-thumbnail","hentry","category-sin-categoria"],"jetpack_featured_media_url":"https:\/\/www.santaanaalcoi.es\/wp-content\/uploads\/2018\/11\/captura-de-pantalla-2018-11-23-13-13-45.png","jetpack_sharing_enabled":true,"_links":{"self":[{"href":"https:\/\/www.santaanaalcoi.es\/index.php?rest_route=\/wp\/v2\/posts\/2047","targetHints":{"allow":["GET"]}}],"collection":[{"href":"https:\/\/www.santaanaalcoi.es\/index.php?rest_route=\/wp\/v2\/posts"}],"about":[{"href":"https:\/\/www.santaanaalcoi.es\/index.php?rest_route=\/wp\/v2\/types\/post"}],"author":[{"embeddable":true,"href":"https:\/\/www.santaanaalcoi.es\/index.php?rest_route=\/wp\/v2\/users\/3"}],"replies":[{"embeddable":true,"href":"https:\/\/www.santaanaalcoi.es\/index.php?rest_route=%2Fwp%2Fv2%2Fcomments&post=2047"}],"version-history":[{"count":0,"href":"https:\/\/www.santaanaalcoi.es\/index.php?rest_route=\/wp\/v2\/posts\/2047\/revisions"}],"wp:featuredmedia":[{"embeddable":true,"href":"https:\/\/www.santaanaalcoi.es\/index.php?rest_route=\/wp\/v2\/media\/2048"}],"wp:attachment":[{"href":"https:\/\/www.santaanaalcoi.es\/index.php?rest_route=%2Fwp%2Fv2%2Fmedia&parent=2047"}],"wp:term":[{"taxonomy":"category","embeddable":true,"href":"https:\/\/www.santaanaalcoi.es\/index.php?rest_route=%2Fwp%2Fv2%2Fcategories&post=2047"},{"taxonomy":"post_tag","embeddable":true,"href":"https:\/\/www.santaanaalcoi.es\/index.php?rest_route=%2Fwp%2Fv2%2Ftags&post=2047"}],"curies":[{"name":"wp","href":"https:\/\/api.w.org\/{rel}","templated":true}]}}