{"id":2024,"date":"2018-10-01T09:20:32","date_gmt":"2018-10-01T09:20:32","guid":{"rendered":"https:\/\/santaanaalcoiweb.wordpress.com\/?p=2024"},"modified":"2018-10-01T09:20:32","modified_gmt":"2018-10-01T09:20:32","slug":"jornada-de-convivencia-curso-18-19","status":"publish","type":"post","link":"https:\/\/www.santaanaalcoi.es\/?p=2024","title":{"rendered":"Jornada de convivencia curso 18\/19"},"content":{"rendered":"<p>El Viernes 28 de Septiembre celebramos en el colegio Santa Ana la tradicional \u00abJornada de convivencia del curso 18\/19\u00bb.<\/p>\n<p style=\"text-align:justify;\">Esta jornada comenz\u00f3 con la celebraci\u00f3n de una Eucarist\u00eda, seguida de un almuerzo, en el que no faltaron los churros y el chocolate.<\/p>\n<p style=\"text-align:justify;\">Tras el almuerzo llegaron los juegos, y dimos inicio al Programa de Ayuda entre Iguales 2018-2019. Porque pensamos que aunque hemos aprendido a volar como \ud83d\udc26 y a nadar como \ud83d\udc20, no hemos aprendido el sencillo arte de vivir como hermanos. (ML King). El Equipo de Convivencia del Centro ha dise\u00f1ado un progama en el que los alumnos de la ESO se convertir\u00e1n en ayudantes de los alumnos de PRIMARIA.<\/p>\n<ul>\n<li style=\"text-align:justify;\">3 de primaria con 1 de ESO<\/li>\n<li style=\"text-align:justify;\">4 de primaria con 2 de ESO<\/li>\n<li style=\"text-align:justify;\">5 de primaria con 3 de ESO<\/li>\n<li style=\"text-align:justify;\">6 de primaria con 4 de ESO<\/li>\n<\/ul>\n<p style=\"text-align:justify;\">Nos emparejamos y jugamos juntos. Y todos sabemos que podemos contar con un compa\u00f1ero de la ESO para mejorar la convivencia y prevenir situaciones molestas en el centro.<\/p>\n<p style=\"text-align:justify;\">Nuestro lema diocesano, \u00abVOSOTROS SOIS MIS AMIGOS\u00bb, es lo que les dicen los alumnos de la ESO a los peque\u00f1os de nuestro colegio.<\/p>\n<p>Aqu\u00ed os dejamos el v\u00eddeo resumen de la jornada.<\/p>\n<p style=\"text-align:center;\">[youtube https:\/\/www.youtube.com\/watch?v=0wIhysf0B6U&amp;w=560&amp;h=315]<\/p>\n<p style=\"text-align:justify;\">\u00a1FELIZ CURSO!<\/p>\n","protected":false},"excerpt":{"rendered":"<p>El Viernes 28 de Septiembre celebramos en el colegio Santa Ana la tradicional \u00abJornada de convivencia del curso 18\/19\u00bb. Esta jornada comenz\u00f3 con la celebraci\u00f3n de una Eucarist\u00eda, seguida de un almuerzo, en el que no faltaron los churros y el chocolate. Tras el almuerzo llegaron los juegos, y dimos inicio al Programa de Ayuda&#8230; <\/p>\n<div class=\"link-more\"><a href=\"https:\/\/www.santaanaalcoi.es\/?p=2024\">Lea m\u00e1s<\/a><\/div>\n","protected":false},"author":3,"featured_media":2027,"comment_status":"open","ping_status":"open","sticky":false,"template":"","format":"standard","meta":{"_jetpack_memberships_contains_paid_content":false,"footnotes":""},"categories":[1],"tags":[],"class_list":["post-2024","post","type-post","status-publish","format-standard","has-post-thumbnail","hentry","category-sin-categoria"],"jetpack_featured_media_url":"https:\/\/www.santaanaalcoi.es\/wp-content\/uploads\/2018\/10\/img_3210-scaled.jpg","jetpack_sharing_enabled":true,"_links":{"self":[{"href":"https:\/\/www.santaanaalcoi.es\/index.php?rest_route=\/wp\/v2\/posts\/2024","targetHints":{"allow":["GET"]}}],"collection":[{"href":"https:\/\/www.santaanaalcoi.es\/index.php?rest_route=\/wp\/v2\/posts"}],"about":[{"href":"https:\/\/www.santaanaalcoi.es\/index.php?rest_route=\/wp\/v2\/types\/post"}],"author":[{"embeddable":true,"href":"https:\/\/www.santaanaalcoi.es\/index.php?rest_route=\/wp\/v2\/users\/3"}],"replies":[{"embeddable":true,"href":"https:\/\/www.santaanaalcoi.es\/index.php?rest_route=%2Fwp%2Fv2%2Fcomments&post=2024"}],"version-history":[{"count":0,"href":"https:\/\/www.santaanaalcoi.es\/index.php?rest_route=\/wp\/v2\/posts\/2024\/revisions"}],"wp:featuredmedia":[{"embeddable":true,"href":"https:\/\/www.santaanaalcoi.es\/index.php?rest_route=\/wp\/v2\/media\/2027"}],"wp:attachment":[{"href":"https:\/\/www.santaanaalcoi.es\/index.php?rest_route=%2Fwp%2Fv2%2Fmedia&parent=2024"}],"wp:term":[{"taxonomy":"category","embeddable":true,"href":"https:\/\/www.santaanaalcoi.es\/index.php?rest_route=%2Fwp%2Fv2%2Fcategories&post=2024"},{"taxonomy":"post_tag","embeddable":true,"href":"https:\/\/www.santaanaalcoi.es\/index.php?rest_route=%2Fwp%2Fv2%2Ftags&post=2024"}],"curies":[{"name":"wp","href":"https:\/\/api.w.org\/{rel}","templated":true}]}}