{"id":2020,"date":"2018-09-25T16:07:16","date_gmt":"2018-09-25T16:07:16","guid":{"rendered":"https:\/\/santaanaalcoiweb.wordpress.com\/?p=2020"},"modified":"2018-09-25T16:07:16","modified_gmt":"2018-09-25T16:07:16","slug":"empieza-la-campana-somos-la-leche","status":"publish","type":"post","link":"https:\/\/www.santaanaalcoi.es\/?p=2020","title":{"rendered":"Empieza la campa\u00f1a \u00a1somos la leche!"},"content":{"rendered":"<p style=\"text-align:justify;\">El pr\u00f3ximo Lunes, 1 de Octubre, dar\u00e1 comienzo la campa\u00f1a \u00a1somos la leche!, organizada un a\u00f1o m\u00e1s por C\u00e1ritas.<\/p>\n<p style=\"text-align:justify;\">Vamos a intentar repetir el \u00e9xito de recogida del pasado a\u00f1o, en el que alcanzamos los 500 litros.<\/p>\n<p><img loading=\"lazy\" decoding=\"async\" class=\"aligncenter size-medium wp-image-2022\" src=\"https:\/\/santaanaalcoiweb.wordpress.com\/wp-content\/uploads\/2018\/09\/img_3059.jpg?w=300\" alt=\"IMG_3059\" width=\"300\" height=\"224\" srcset=\"https:\/\/www.santaanaalcoi.es\/wp-content\/uploads\/2018\/09\/img_3059.jpg 636w, https:\/\/www.santaanaalcoi.es\/wp-content\/uploads\/2018\/09\/img_3059-300x224.jpg 300w\" sizes=\"auto, (max-width: 300px) 100vw, 300px\" \/><\/p>\n<p style=\"text-align:justify;\">Esperamos una gran implicaci\u00f3n de todas las familias para batir un nuevo r\u00e9cord.<\/p>\n<p style=\"text-align:justify;\">Los bricks de leche los podr\u00e1n depositar los alumn@s en el aula, o bien, las familias los podr\u00e1n depositar en la secretar\u00eda del colegio.<\/p>\n<p style=\"text-align:justify;\">\u00a1Vamos all\u00e1!<\/p>\n","protected":false},"excerpt":{"rendered":"<p>El pr\u00f3ximo Lunes, 1 de Octubre, dar\u00e1 comienzo la campa\u00f1a \u00a1somos la leche!, organizada un a\u00f1o m\u00e1s por C\u00e1ritas. Vamos a intentar repetir el \u00e9xito de recogida del pasado a\u00f1o, en el que alcanzamos los 500 litros. Esperamos una gran implicaci\u00f3n de todas las familias para batir un nuevo r\u00e9cord. Los bricks de leche los&#8230; <\/p>\n<div class=\"link-more\"><a href=\"https:\/\/www.santaanaalcoi.es\/?p=2020\">Lea m\u00e1s<\/a><\/div>\n","protected":false},"author":3,"featured_media":2021,"comment_status":"open","ping_status":"open","sticky":false,"template":"","format":"standard","meta":{"_jetpack_memberships_contains_paid_content":false,"footnotes":""},"categories":[1],"tags":[],"class_list":["post-2020","post","type-post","status-publish","format-standard","has-post-thumbnail","hentry","category-sin-categoria"],"jetpack_featured_media_url":"https:\/\/www.santaanaalcoi.es\/wp-content\/uploads\/2018\/09\/campac3b1a-somos-la-leche.jpg","jetpack_sharing_enabled":true,"_links":{"self":[{"href":"https:\/\/www.santaanaalcoi.es\/index.php?rest_route=\/wp\/v2\/posts\/2020","targetHints":{"allow":["GET"]}}],"collection":[{"href":"https:\/\/www.santaanaalcoi.es\/index.php?rest_route=\/wp\/v2\/posts"}],"about":[{"href":"https:\/\/www.santaanaalcoi.es\/index.php?rest_route=\/wp\/v2\/types\/post"}],"author":[{"embeddable":true,"href":"https:\/\/www.santaanaalcoi.es\/index.php?rest_route=\/wp\/v2\/users\/3"}],"replies":[{"embeddable":true,"href":"https:\/\/www.santaanaalcoi.es\/index.php?rest_route=%2Fwp%2Fv2%2Fcomments&post=2020"}],"version-history":[{"count":0,"href":"https:\/\/www.santaanaalcoi.es\/index.php?rest_route=\/wp\/v2\/posts\/2020\/revisions"}],"wp:featuredmedia":[{"embeddable":true,"href":"https:\/\/www.santaanaalcoi.es\/index.php?rest_route=\/wp\/v2\/media\/2021"}],"wp:attachment":[{"href":"https:\/\/www.santaanaalcoi.es\/index.php?rest_route=%2Fwp%2Fv2%2Fmedia&parent=2020"}],"wp:term":[{"taxonomy":"category","embeddable":true,"href":"https:\/\/www.santaanaalcoi.es\/index.php?rest_route=%2Fwp%2Fv2%2Fcategories&post=2020"},{"taxonomy":"post_tag","embeddable":true,"href":"https:\/\/www.santaanaalcoi.es\/index.php?rest_route=%2Fwp%2Fv2%2Ftags&post=2020"}],"curies":[{"name":"wp","href":"https:\/\/api.w.org\/{rel}","templated":true}]}}