{"id":1979,"date":"2018-09-17T09:20:20","date_gmt":"2018-09-17T09:20:20","guid":{"rendered":"https:\/\/santaanaalcoiweb.wordpress.com\/?p=1979"},"modified":"2018-09-17T09:20:20","modified_gmt":"2018-09-17T09:20:20","slug":"el-club-deportivo-escolar-santa-ana-abre-sus-pre-inscripciones","status":"publish","type":"post","link":"https:\/\/www.santaanaalcoi.es\/?p=1979","title":{"rendered":"El Club Deportivo Escolar Santa Ana abre sus pre-inscripciones"},"content":{"rendered":"<p>Queridas familias:<\/p>\n<p>Nos ponemos en contacto con ustedes para comunicarles que el CDE Santa Ana realizar\u00e1 una reuni\u00f3n informativa el pr\u00f3ximo Jueves 20 de Septiembre, a las 19:00 horas en el sal\u00f3n de actos del colegio. En ella se tratar\u00e1n los siguientes temas:<\/p>\n<ol>\n<li>Nuevas modalidades deportivas<\/li>\n<li>Preinscripci\u00f3n<\/li>\n<li>Cuotas<\/li>\n<li>Horarios de atenci\u00f3n del mes de Septiembre<\/li>\n<\/ol>\n<p>A partir del Martes 18 de Septiembre, pueden realizar las preinscripciones a las modalidades deportivas, de dos formas diferentes:<\/p>\n<ol>\n<li>ONLINE (desde la web del colegio, en el apartado CDE Santa Ana), o haciendo click en este enlace\u00a0<a href=\"https:\/\/goo.gl\/forms\/1trimvCaNnxO4eEQ2\" target=\"_blank\" rel=\"noopener\">https:\/\/goo.gl\/forms\/1trimvCaNnxO4eEQ2<\/a><\/li>\n<li>FORMATO PAPEL (recogida y entrega de la preinscripci\u00f3n en secretar\u00eda)<\/li>\n<\/ol>\n<p>Un cordial saludo<\/p>\n<p>Adri\u00e1n Ferrer &#8211; Coordinador del CDE Escolar Santa Ana<\/p>\n","protected":false},"excerpt":{"rendered":"<p>Queridas familias: Nos ponemos en contacto con ustedes para comunicarles que el CDE Santa Ana realizar\u00e1 una reuni\u00f3n informativa el pr\u00f3ximo Jueves 20 de Septiembre, a las 19:00 horas en el sal\u00f3n de actos del colegio. En ella se tratar\u00e1n los siguientes temas: Nuevas modalidades deportivas Preinscripci\u00f3n Cuotas Horarios de atenci\u00f3n del mes de Septiembre&#8230; <\/p>\n<div class=\"link-more\"><a href=\"https:\/\/www.santaanaalcoi.es\/?p=1979\">Lea m\u00e1s<\/a><\/div>\n","protected":false},"author":3,"featured_media":1982,"comment_status":"open","ping_status":"open","sticky":false,"template":"","format":"standard","meta":{"_jetpack_memberships_contains_paid_content":false,"footnotes":""},"categories":[1],"tags":[],"class_list":["post-1979","post","type-post","status-publish","format-standard","has-post-thumbnail","hentry","category-sin-categoria"],"jetpack_featured_media_url":"https:\/\/www.santaanaalcoi.es\/wp-content\/uploads\/2018\/09\/pelota-aire-700x499-1.jpg","jetpack_sharing_enabled":true,"_links":{"self":[{"href":"https:\/\/www.santaanaalcoi.es\/index.php?rest_route=\/wp\/v2\/posts\/1979","targetHints":{"allow":["GET"]}}],"collection":[{"href":"https:\/\/www.santaanaalcoi.es\/index.php?rest_route=\/wp\/v2\/posts"}],"about":[{"href":"https:\/\/www.santaanaalcoi.es\/index.php?rest_route=\/wp\/v2\/types\/post"}],"author":[{"embeddable":true,"href":"https:\/\/www.santaanaalcoi.es\/index.php?rest_route=\/wp\/v2\/users\/3"}],"replies":[{"embeddable":true,"href":"https:\/\/www.santaanaalcoi.es\/index.php?rest_route=%2Fwp%2Fv2%2Fcomments&post=1979"}],"version-history":[{"count":0,"href":"https:\/\/www.santaanaalcoi.es\/index.php?rest_route=\/wp\/v2\/posts\/1979\/revisions"}],"wp:featuredmedia":[{"embeddable":true,"href":"https:\/\/www.santaanaalcoi.es\/index.php?rest_route=\/wp\/v2\/media\/1982"}],"wp:attachment":[{"href":"https:\/\/www.santaanaalcoi.es\/index.php?rest_route=%2Fwp%2Fv2%2Fmedia&parent=1979"}],"wp:term":[{"taxonomy":"category","embeddable":true,"href":"https:\/\/www.santaanaalcoi.es\/index.php?rest_route=%2Fwp%2Fv2%2Fcategories&post=1979"},{"taxonomy":"post_tag","embeddable":true,"href":"https:\/\/www.santaanaalcoi.es\/index.php?rest_route=%2Fwp%2Fv2%2Ftags&post=1979"}],"curies":[{"name":"wp","href":"https:\/\/api.w.org\/{rel}","templated":true}]}}