{"id":1965,"date":"2018-09-05T10:39:02","date_gmt":"2018-09-05T10:39:02","guid":{"rendered":"https:\/\/santaanaalcoiweb.wordpress.com\/?p=1965"},"modified":"2018-09-05T10:39:02","modified_gmt":"2018-09-05T10:39:02","slug":"venta-de-uniformes","status":"publish","type":"post","link":"https:\/\/www.santaanaalcoi.es\/?p=1965","title":{"rendered":"Venta de uniformes"},"content":{"rendered":"<p style=\"text-align:justify;\">Estimadas familias:<\/p>\n<p style=\"text-align:justify;\">Les informamos que, debido a las obras en el colegio y la redistribuci\u00f3n de espacios, los uniformes se vender\u00e1n en la planta baja del colegio, concretamente en la sala cubierta de infantil.<\/p>\n<p style=\"text-align:justify;\">El acceso ser\u00e1 en horario escolar (por las ma\u00f1anas) por la puerta principal (secretar\u00eda), y fuera del horario escolar (tardes) por la puerta de \u00abbomberos\u00bb que da acceso al patio desde el parking.<\/p>\n<p style=\"text-align:justify;\">El horario ser\u00e1 Jueves y Viernes de 9:00 a 13:00 y de 16:00 a 19:00.<\/p>\n<p style=\"text-align:justify;\">La venta empezar\u00e1 el Jueves 6 de Septiembre.<\/p>\n<div>\u00a1Gracias!<\/div>\n","protected":false},"excerpt":{"rendered":"<p>Estimadas familias: Les informamos que, debido a las obras en el colegio y la redistribuci\u00f3n de espacios, los uniformes se vender\u00e1n en la planta baja del colegio, concretamente en la sala cubierta de infantil. El acceso ser\u00e1 en horario escolar (por las ma\u00f1anas) por la puerta principal (secretar\u00eda), y fuera del horario escolar (tardes) por&#8230; <\/p>\n<div class=\"link-more\"><a href=\"https:\/\/www.santaanaalcoi.es\/?p=1965\">Lea m\u00e1s<\/a><\/div>\n","protected":false},"author":3,"featured_media":1966,"comment_status":"open","ping_status":"open","sticky":false,"template":"","format":"standard","meta":{"_jetpack_memberships_contains_paid_content":false,"footnotes":""},"categories":[1],"tags":[],"class_list":["post-1965","post","type-post","status-publish","format-standard","has-post-thumbnail","hentry","category-sin-categoria"],"jetpack_featured_media_url":"https:\/\/www.santaanaalcoi.es\/wp-content\/uploads\/2018\/09\/img_2823-scaled.jpg","jetpack_sharing_enabled":true,"_links":{"self":[{"href":"https:\/\/www.santaanaalcoi.es\/index.php?rest_route=\/wp\/v2\/posts\/1965","targetHints":{"allow":["GET"]}}],"collection":[{"href":"https:\/\/www.santaanaalcoi.es\/index.php?rest_route=\/wp\/v2\/posts"}],"about":[{"href":"https:\/\/www.santaanaalcoi.es\/index.php?rest_route=\/wp\/v2\/types\/post"}],"author":[{"embeddable":true,"href":"https:\/\/www.santaanaalcoi.es\/index.php?rest_route=\/wp\/v2\/users\/3"}],"replies":[{"embeddable":true,"href":"https:\/\/www.santaanaalcoi.es\/index.php?rest_route=%2Fwp%2Fv2%2Fcomments&post=1965"}],"version-history":[{"count":0,"href":"https:\/\/www.santaanaalcoi.es\/index.php?rest_route=\/wp\/v2\/posts\/1965\/revisions"}],"wp:featuredmedia":[{"embeddable":true,"href":"https:\/\/www.santaanaalcoi.es\/index.php?rest_route=\/wp\/v2\/media\/1966"}],"wp:attachment":[{"href":"https:\/\/www.santaanaalcoi.es\/index.php?rest_route=%2Fwp%2Fv2%2Fmedia&parent=1965"}],"wp:term":[{"taxonomy":"category","embeddable":true,"href":"https:\/\/www.santaanaalcoi.es\/index.php?rest_route=%2Fwp%2Fv2%2Fcategories&post=1965"},{"taxonomy":"post_tag","embeddable":true,"href":"https:\/\/www.santaanaalcoi.es\/index.php?rest_route=%2Fwp%2Fv2%2Ftags&post=1965"}],"curies":[{"name":"wp","href":"https:\/\/api.w.org\/{rel}","templated":true}]}}