{"id":1949,"date":"2018-05-17T08:00:46","date_gmt":"2018-05-17T08:00:46","guid":{"rendered":"https:\/\/santaanaalcoiweb.wordpress.com\/?p=1949"},"modified":"2018-05-17T08:00:46","modified_gmt":"2018-05-17T08:00:46","slug":"admision-abierta-para-el-curso-2018-2019","status":"publish","type":"post","link":"https:\/\/www.santaanaalcoi.es\/?p=1949","title":{"rendered":"Proceso de admisi\u00f3n abierto para el curso 2018\/2019"},"content":{"rendered":"<div id=\"bloop_customfont\" style=\"text-align:justify;\"><span style=\"font-family:'helvetica Neue', helvetica;\">Estimadas familias:<\/span><\/div>\n<div><\/div>\n<div id=\"bloop_customfont\" style=\"text-align:justify;\"><span style=\"font-family:'helvetica Neue', helvetica;\">Ya est\u00e1 abierto<\/span> el\u00a0<b>procedimiento de admisi\u00f3n<\/b>\u00a0del alumnado a la ense\u00f1anza de\u00a0<b>Educaci\u00f3n Infantil, Primaria y Educaci\u00f3n Secundaria Obligatoria (ESO).<\/b><\/div>\n<div style=\"text-align:justify;\">\n<div><\/div>\n<div style=\"text-align:justify;\">Participaci\u00f3n en el proceso de admisi\u00f3n:<\/div>\n<div><\/div>\n<div>\n<div style=\"text-align:justify;\">1. La participaci\u00f3n en el proceso de admisi\u00f3n se realizar\u00e1 en las fechas y plazos establecidos (documentos adjuntos).<\/div>\n<div><\/div>\n<div style=\"text-align:justify;\">2. La participaci\u00f3n en el proceso de admisi\u00f3n se realizar\u00e1 mediante la presentaci\u00f3n, en el centro educativo de primera opci\u00f3n, de los anexos facilitados por el centro.<\/div>\n<div><\/div>\n<div style=\"text-align:justify;\">3. Los nacidos el a\u00f1o 2015 podr\u00e1n participar en el proceso de admisi\u00f3n en el primer nivel del segundo ciclo de Educaci\u00f3n Infantil.<\/div>\n<div><\/div>\n<div style=\"text-align:justify;\"><strong>DOCUMENTACI\u00d3N PROCESO DE ADMISI\u00d3N<\/strong><\/div>\n<\/div>\n<div>\n<ul>\n<li>Solicitud de admisi\u00f3n.<\/li>\n<li>Anexo VI, Criterio renta de la unidad familiar. (Renta familiar 2016 igual o inferior a 2 veces el IPREM fijado en 7.455,14\u20ac anuales).<\/li>\n<li>Fotocopia del libro de familia (padres, alumno\/a, hermanos\/as)<\/li>\n<li>Fotocopia del DNI de los padres o tutores.<\/li>\n<li>Fotocopia de la tarjeta de la Seguridad Social (SIP).<\/li>\n<li>Certificado de empadronamiento o fotocopia recibo agua, luz, tel\u00e9fono\u2026<\/li>\n<\/ul>\n<p>Y aqu\u00ed os dejamos, para que los pod\u00e1is descargar, una relaci\u00f3n de DOCUMENTOS de vuestra utilidad.<\/p>\n<\/div>\n<p><a title=\"Annex IV PRI3-6- ESO\" href=\"https:\/\/santaanaalcoiweb.wordpress.com\/wp-content\/uploads\/2018\/05\/annex-iv-pri3-6-eso.pdf\">Annex IV PRI3-6- ESO<\/a><\/p>\n<p><a title=\"CALENDARIO ESO\" href=\"https:\/\/santaanaalcoiweb.wordpress.com\/wp-content\/uploads\/2018\/05\/calendario-eso.docx\">CALENDARIO ESO<\/a><\/p>\n<p><a title=\"Annex IV INF - PRI1-2\" href=\"https:\/\/santaanaalcoiweb.wordpress.com\/wp-content\/uploads\/2018\/05\/annex-iv-inf-pri1-2.pdf\">Annex IV INF &#8211; PRI1-2<\/a><\/p>\n<p><a title=\"CRITERI_RENDA_UNITAT_FAMILIAR\" href=\"https:\/\/santaanaalcoiweb.wordpress.com\/wp-content\/uploads\/2018\/05\/criteri_renda_unitat_familiar.pdf\">CRITERI_RENDA_UNITAT_FAMILIAR<\/a><\/p>\n<p><a title=\"CALENDARIO INF- PRI\" href=\"https:\/\/santaanaalcoiweb.wordpress.com\/wp-content\/uploads\/2018\/05\/calendario-inf-pri.docx\">CALENDARIO INF- PRI<\/a><\/p>\n<div>\n<div style=\"text-align:justify;\">Esperando contar con vosotros, recibid un cordial saludo<\/div>\n<div><\/div>\n<div>La Direcci\u00f3n<\/div>\n<div><\/div>\n<div>Colegio Santa Ana de Alcoy<\/div>\n<div>C\/ Isabel II, 5<\/div>\n<div>03802 Alcoy (ALICANTE)<\/div>\n<div>965332228<\/div>\n<div><a href=\"mailto:secretaria@santaanaalcoi.com\">secretaria@santaanaalcoi.com<\/a><\/div>\n<\/div>\n<\/div>\n","protected":false},"excerpt":{"rendered":"<p>Estimadas familias: Ya est\u00e1 abierto el\u00a0procedimiento de admisi\u00f3n\u00a0del alumnado a la ense\u00f1anza de\u00a0Educaci\u00f3n Infantil, Primaria y Educaci\u00f3n Secundaria Obligatoria (ESO). Participaci\u00f3n en el proceso de admisi\u00f3n: 1. La participaci\u00f3n en el proceso de admisi\u00f3n se realizar\u00e1 en las fechas y plazos establecidos (documentos adjuntos). 2. La participaci\u00f3n en el proceso de admisi\u00f3n se realizar\u00e1 mediante&#8230; <\/p>\n<div class=\"link-more\"><a href=\"https:\/\/www.santaanaalcoi.es\/?p=1949\">Lea m\u00e1s<\/a><\/div>\n","protected":false},"author":3,"featured_media":1950,"comment_status":"open","ping_status":"open","sticky":false,"template":"","format":"standard","meta":{"_jetpack_memberships_contains_paid_content":false,"footnotes":""},"categories":[1],"tags":[],"class_list":["post-1949","post","type-post","status-publish","format-standard","has-post-thumbnail","hentry","category-sin-categoria"],"jetpack_featured_media_url":"https:\/\/www.santaanaalcoi.es\/wp-content\/uploads\/2018\/05\/img_2373.jpg","jetpack_sharing_enabled":true,"_links":{"self":[{"href":"https:\/\/www.santaanaalcoi.es\/index.php?rest_route=\/wp\/v2\/posts\/1949","targetHints":{"allow":["GET"]}}],"collection":[{"href":"https:\/\/www.santaanaalcoi.es\/index.php?rest_route=\/wp\/v2\/posts"}],"about":[{"href":"https:\/\/www.santaanaalcoi.es\/index.php?rest_route=\/wp\/v2\/types\/post"}],"author":[{"embeddable":true,"href":"https:\/\/www.santaanaalcoi.es\/index.php?rest_route=\/wp\/v2\/users\/3"}],"replies":[{"embeddable":true,"href":"https:\/\/www.santaanaalcoi.es\/index.php?rest_route=%2Fwp%2Fv2%2Fcomments&post=1949"}],"version-history":[{"count":0,"href":"https:\/\/www.santaanaalcoi.es\/index.php?rest_route=\/wp\/v2\/posts\/1949\/revisions"}],"wp:featuredmedia":[{"embeddable":true,"href":"https:\/\/www.santaanaalcoi.es\/index.php?rest_route=\/wp\/v2\/media\/1950"}],"wp:attachment":[{"href":"https:\/\/www.santaanaalcoi.es\/index.php?rest_route=%2Fwp%2Fv2%2Fmedia&parent=1949"}],"wp:term":[{"taxonomy":"category","embeddable":true,"href":"https:\/\/www.santaanaalcoi.es\/index.php?rest_route=%2Fwp%2Fv2%2Fcategories&post=1949"},{"taxonomy":"post_tag","embeddable":true,"href":"https:\/\/www.santaanaalcoi.es\/index.php?rest_route=%2Fwp%2Fv2%2Ftags&post=1949"}],"curies":[{"name":"wp","href":"https:\/\/api.w.org\/{rel}","templated":true}]}}