{"id":1929,"date":"2018-03-05T15:38:26","date_gmt":"2018-03-05T15:38:26","guid":{"rendered":"https:\/\/santaanaalcoiweb.wordpress.com\/?p=1929"},"modified":"2018-03-05T15:38:26","modified_gmt":"2018-03-05T15:38:26","slug":"colegio-santa-ana-jornadas-de-puertas-abiertas-2018","status":"publish","type":"post","link":"https:\/\/www.santaanaalcoi.es\/?p=1929","title":{"rendered":"Colegio Santa Ana: Jornadas de Puertas Abiertas 2018"},"content":{"rendered":"<p>Estimadas familias, un a\u00f1o m\u00e1s, os presentamos nuestras Jornadas de Puertas Abiertas.<\/p>\n<p><span class=\"_5mfr _47e3\"><span class=\"_7oe\">\ud83d\uddd3\ufe0f<\/span><\/span>Pr\u00f3ximos 21 y 24 de MARZO<span class=\"_5mfr _47e3\"><span class=\"_7oe\">\ud83d\uddd3\ufe0f<\/span><\/span><\/p>\n<p>1.- V<span class=\"text_exposed_show\">isita nuestra Escoleta Infantil<br \/>\n2.- Vive el Proyecto English Time (premiado por la Conseller\u00eda de Educaci\u00f3n).<br \/>\n3.- Pasea por nuestro Huerto Ecol\u00f3gico-Did\u00e1ctico<br \/>\n4.- Ad\u00e9ntrate en la pedagog\u00eda y proyectos de Educaci\u00f3n Infantil<br \/>\n5.- Conoce la Jornada Continua, y c\u00f3mo \u00e9sta favorece la conciliaci\u00f3n familiar<br \/>\n6.- Recorre todas nuestras instalaciones (Aula Oberta, Infantil, Primaria y Secundaria)<br \/>\n7.- Ponte una\u00a0<a class=\"_58cn\" href=\"https:\/\/www.facebook.com\/hashtag\/mochilaparalavida?source=feed_text\"><span class=\"_5afx\"><span class=\"_58cl _5afz\">#<\/span><span class=\"_58cm\">MochilaParaLaVida<\/span><\/span><\/a>\u00a0<\/span><\/p>\n<p style=\"text-align:center;\"><span class=\"text_exposed_show\">\u00a1RESERVA YA TU VISITA!<\/span><\/p>\n<p><span class=\"text_exposed_show\">Para reservar la visita y elegir tu horario, nos puedes llamar por las ma\u00f1ana al tel\u00e9fono 965332228, o bien rellenar el cuestionario que encontrar\u00e1s en el siguiente enlace.<br \/>\n<span class=\"_5mfr _47e3\"><img loading=\"lazy\" decoding=\"async\" class=\"img\" role=\"presentation\" src=\"https:\/\/static.xx.fbcdn.net\/images\/emoji.php\/v9\/f51\/1\/16\/1f449.png\" alt=\"\" width=\"16\" height=\"16\" \/><span class=\"_7oe\">\ud83d\udc49<\/span><\/span><a href=\"https:\/\/l.facebook.com\/l.php?u=https%3A%2F%2Fgoo.gl%2Fforms%2Feq9LWMk3zv3JkiBu1%F0%9F%91%88&amp;h=ATMiHsnE3zbZbndMBIBC0NnpUj-aMzNJXFyvVjKT5CY-eKA5NU6ksgBHSZC4nst8ZbpZLzNr0oJlh8tngQGekVmKMH_afmfmX8m3XEniQ2vPWUd5qUm2pjd98GLr5LUZw7DgbQTnKz8\" target=\"_blank\" rel=\"noopener nofollow\">https:\/\/goo.gl\/forms\/eq9LWMk3zv3JkiBu1<span class=\"_5mfr _47e3\"><img loading=\"lazy\" decoding=\"async\" class=\"img\" role=\"presentation\" src=\"https:\/\/static.xx.fbcdn.net\/images\/emoji.php\/v9\/fd0\/1\/16\/1f448.png\" alt=\"\" width=\"16\" height=\"16\" \/><span class=\"_7oe\">\ud83d\udc48<\/span><\/span><\/a><\/span><\/p>\n<div class=\"text_exposed_show\" style=\"text-align:center;\">[youtube https:\/\/www.youtube.com\/watch?v=w9-pQokTFA4&amp;w=560&amp;h=315]<\/div>\n<div><\/div>\n<div class=\"text_exposed_show\" style=\"text-align:center;\">\u00abPorque sabemos que lo mejor de tu vida est\u00e1 en nuestras manos\u00bb<\/div>\n<div class=\"text_exposed_show\" style=\"text-align:center;\">#PuertasAbiertas2018\u00a0#SantaAnaAlcoi<\/div>\n","protected":false},"excerpt":{"rendered":"<p>Estimadas familias, un a\u00f1o m\u00e1s, os presentamos nuestras Jornadas de Puertas Abiertas. \ud83d\uddd3\ufe0fPr\u00f3ximos 21 y 24 de MARZO\ud83d\uddd3\ufe0f 1.- Visita nuestra Escoleta Infantil 2.- Vive el Proyecto English Time (premiado por la Conseller\u00eda de Educaci\u00f3n). 3.- Pasea por nuestro Huerto Ecol\u00f3gico-Did\u00e1ctico 4.- Ad\u00e9ntrate en la pedagog\u00eda y proyectos de Educaci\u00f3n Infantil 5.- Conoce la Jornada&#8230; <\/p>\n<div class=\"link-more\"><a href=\"https:\/\/www.santaanaalcoi.es\/?p=1929\">Lea m\u00e1s<\/a><\/div>\n","protected":false},"author":3,"featured_media":1930,"comment_status":"open","ping_status":"open","sticky":false,"template":"","format":"standard","meta":{"_jetpack_memberships_contains_paid_content":false,"footnotes":""},"categories":[1],"tags":[],"class_list":["post-1929","post","type-post","status-publish","format-standard","has-post-thumbnail","hentry","category-sin-categoria"],"jetpack_featured_media_url":"https:\/\/www.santaanaalcoi.es\/wp-content\/uploads\/2018\/03\/captura-de-pantalla-2018-03-05-13-13-00.png","jetpack_sharing_enabled":true,"_links":{"self":[{"href":"https:\/\/www.santaanaalcoi.es\/index.php?rest_route=\/wp\/v2\/posts\/1929","targetHints":{"allow":["GET"]}}],"collection":[{"href":"https:\/\/www.santaanaalcoi.es\/index.php?rest_route=\/wp\/v2\/posts"}],"about":[{"href":"https:\/\/www.santaanaalcoi.es\/index.php?rest_route=\/wp\/v2\/types\/post"}],"author":[{"embeddable":true,"href":"https:\/\/www.santaanaalcoi.es\/index.php?rest_route=\/wp\/v2\/users\/3"}],"replies":[{"embeddable":true,"href":"https:\/\/www.santaanaalcoi.es\/index.php?rest_route=%2Fwp%2Fv2%2Fcomments&post=1929"}],"version-history":[{"count":0,"href":"https:\/\/www.santaanaalcoi.es\/index.php?rest_route=\/wp\/v2\/posts\/1929\/revisions"}],"wp:featuredmedia":[{"embeddable":true,"href":"https:\/\/www.santaanaalcoi.es\/index.php?rest_route=\/wp\/v2\/media\/1930"}],"wp:attachment":[{"href":"https:\/\/www.santaanaalcoi.es\/index.php?rest_route=%2Fwp%2Fv2%2Fmedia&parent=1929"}],"wp:term":[{"taxonomy":"category","embeddable":true,"href":"https:\/\/www.santaanaalcoi.es\/index.php?rest_route=%2Fwp%2Fv2%2Fcategories&post=1929"},{"taxonomy":"post_tag","embeddable":true,"href":"https:\/\/www.santaanaalcoi.es\/index.php?rest_route=%2Fwp%2Fv2%2Ftags&post=1929"}],"curies":[{"name":"wp","href":"https:\/\/api.w.org\/{rel}","templated":true}]}}