{"id":1916,"date":"2018-01-11T08:03:13","date_gmt":"2018-01-11T08:03:13","guid":{"rendered":"https:\/\/santaanaalcoiweb.wordpress.com\/?p=1916"},"modified":"2018-01-11T08:03:13","modified_gmt":"2018-01-11T08:03:13","slug":"nuevos-espacios-en-el-colegio-santa-ana-de-alcoy","status":"publish","type":"post","link":"https:\/\/www.santaanaalcoi.es\/?p=1916","title":{"rendered":"Nuevos espacios en el Colegio Santa Ana de Alcoy"},"content":{"rendered":"<p style=\"text-align:justify;\"><strong>El Colegio Santa Ana sigue creciendo al ritmo de sus familias con nuevos espacios e instalaciones renovadas.<\/strong><\/p>\n<p style=\"text-align:center;\">[youtube https:\/\/www.youtube.com\/watch?v=irr0WyBeC2E&amp;w=560&amp;h=315]<\/p>\n<p style=\"text-align:justify;\">Los \u00faltimos meses han dado lugar a muchos cambios en el Colegio Santa Ana de Alcoy. Las obras han invadido el centro escolar, para transformarlo, y convertirlo en un lugar en el que puedan disfrutar alumnos y familias.<\/p>\n<p style=\"text-align:justify;\">Estas \u00faltimas son nuestro pilar central, sobre el que se sustenta la metodolog\u00eda e ideolog\u00eda del Colegio Santa Ana de Alcoy, y es por ello que parte de su transformaci\u00f3n est\u00e1 pensada para favorecer esa armon\u00eda, buscando espacios naturales donde sus alumnos crezcan tranquilos, felices y motivados.<\/p>\n<p style=\"text-align:justify;\">Las obras se han ejecutado desde el mes de Julio hasta Diciembre en varios frentes. En primer lugar se han renovado los ba\u00f1os de Primaria e Infantil, con un look moderno y un toque m\u00e1s funcional.<\/p>\n<p style=\"text-align:justify;\">Tambi\u00e9n, por otro lado, se ha terminado de arreglar la \u00faltima fachada que quedaba, retirando as\u00ed las redes protectoras que la cubr\u00edan.<\/p>\n<p style=\"text-align:justify;\">Las aulas de primer ciclo de Infantil (Escoleta) tambi\u00e9n han recibido unas puertas nuevas con sistemas de seguridad.<\/p>\n<p style=\"text-align:justify;\"><img loading=\"lazy\" decoding=\"async\" class=\"alignleft size-medium wp-image-1917\" src=\"https:\/\/santaanaalcoiweb.wordpress.com\/wp-content\/uploads\/2018\/01\/img_8595.jpg?w=300\" alt=\"IMG_8595\" width=\"300\" height=\"225\" \/>Aunque las obras que m\u00e1s impacto visual causaron a los alumnos y familias el primer d\u00eda de colegio, han sido las que afectan a todo el patio. Se han construido unas gradas a lo largo de toda la pista central, para no molestar a los deportistas cuando haya partidos o en la hora del recreo. Tambi\u00e9n se han cambiado todas las vallas que rodean al colegio, pensando en la seguridad de los alumnos, as\u00ed como las redes situadas detr\u00e1s de las porter\u00edas de f\u00fatbol-sala.<\/p>\n<p style=\"text-align:justify;\">La zona de la barbacoa escolar tambi\u00e9n se ha renovado para hacerla m\u00e1s c\u00f3moda y funcional, quedando ahora abierta y, como siempre, a disposici\u00f3n de todas las familias.<\/p>\n<p style=\"text-align:justify;\">Pero el espacio que m\u00e1s ha gustado a la comunidad educativa, sin duda alguna, ha sido la de ampliaci\u00f3n de la zona al aire libre, que se ha cubierto con c\u00e9sped artificial, y que alberga un nuevo espacio que en el que se colocar\u00e1 en breve un parque infantil. Al lado de esta zona, hay un espacio al que desde el Colegio hemos bautizado como <strong>\u201cAula Abierta\u201d<\/strong>, y que est\u00e1 destinado a ser zona de relajaci\u00f3n y descanso, lectura, dibujo, o incluso para dar clases de ingl\u00e9s, lengua, matem\u00e1ticas o ciencias, en plena naturaleza y en un entorno tranquilo.<\/p>\n<p style=\"text-align:justify;\">Con esta \u201cAula Abierta\u201d el Colegio Santa Ana sigue apostando por nuevas metodolog\u00edas de trabajo, en las que la naturaleza y el ambiente tranquilo y relajado son la clave para llenar esas <strong>\u201cmochilas para la vida\u201d<\/strong> de sus alumnos.<\/p>\n","protected":false},"excerpt":{"rendered":"<p>El Colegio Santa Ana sigue creciendo al ritmo de sus familias con nuevos espacios e instalaciones renovadas. [youtube https:\/\/www.youtube.com\/watch?v=irr0WyBeC2E&amp;w=560&amp;h=315] Los \u00faltimos meses han dado lugar a muchos cambios en el Colegio Santa Ana de Alcoy. Las obras han invadido el centro escolar, para transformarlo, y convertirlo en un lugar en el que puedan disfrutar alumnos&#8230; <\/p>\n<div class=\"link-more\"><a href=\"https:\/\/www.santaanaalcoi.es\/?p=1916\">Lea m\u00e1s<\/a><\/div>\n","protected":false},"author":3,"featured_media":1917,"comment_status":"open","ping_status":"open","sticky":false,"template":"","format":"standard","meta":{"_jetpack_memberships_contains_paid_content":false,"footnotes":""},"categories":[1],"tags":[],"class_list":["post-1916","post","type-post","status-publish","format-standard","has-post-thumbnail","hentry","category-sin-categoria"],"jetpack_featured_media_url":"https:\/\/www.santaanaalcoi.es\/wp-content\/uploads\/2018\/01\/img_8595-scaled.jpg","jetpack_sharing_enabled":true,"_links":{"self":[{"href":"https:\/\/www.santaanaalcoi.es\/index.php?rest_route=\/wp\/v2\/posts\/1916","targetHints":{"allow":["GET"]}}],"collection":[{"href":"https:\/\/www.santaanaalcoi.es\/index.php?rest_route=\/wp\/v2\/posts"}],"about":[{"href":"https:\/\/www.santaanaalcoi.es\/index.php?rest_route=\/wp\/v2\/types\/post"}],"author":[{"embeddable":true,"href":"https:\/\/www.santaanaalcoi.es\/index.php?rest_route=\/wp\/v2\/users\/3"}],"replies":[{"embeddable":true,"href":"https:\/\/www.santaanaalcoi.es\/index.php?rest_route=%2Fwp%2Fv2%2Fcomments&post=1916"}],"version-history":[{"count":0,"href":"https:\/\/www.santaanaalcoi.es\/index.php?rest_route=\/wp\/v2\/posts\/1916\/revisions"}],"wp:featuredmedia":[{"embeddable":true,"href":"https:\/\/www.santaanaalcoi.es\/index.php?rest_route=\/wp\/v2\/media\/1917"}],"wp:attachment":[{"href":"https:\/\/www.santaanaalcoi.es\/index.php?rest_route=%2Fwp%2Fv2%2Fmedia&parent=1916"}],"wp:term":[{"taxonomy":"category","embeddable":true,"href":"https:\/\/www.santaanaalcoi.es\/index.php?rest_route=%2Fwp%2Fv2%2Fcategories&post=1916"},{"taxonomy":"post_tag","embeddable":true,"href":"https:\/\/www.santaanaalcoi.es\/index.php?rest_route=%2Fwp%2Fv2%2Ftags&post=1916"}],"curies":[{"name":"wp","href":"https:\/\/api.w.org\/{rel}","templated":true}]}}