{"id":1812,"date":"2017-10-10T16:15:41","date_gmt":"2017-10-10T16:15:41","guid":{"rendered":"https:\/\/santaanaalcoiweb.wordpress.com\/?p=1812"},"modified":"2017-10-10T16:15:41","modified_gmt":"2017-10-10T16:15:41","slug":"premiados-en-los-concursos-infantiles-mig-any-2017","status":"publish","type":"post","link":"https:\/\/www.santaanaalcoi.es\/?p=1812","title":{"rendered":"Premiados en los Concursos Infantiles \u00abMig Any 2017\u00bb"},"content":{"rendered":"<p style=\"text-align:justify;\">Desde el Colegio Santa Ana queremos dar la enhorabuena a los premiados en estos concursos infantiles, al igual que a todos nuestros alumnos participantes.<\/p>\n<ul>\n<li style=\"text-align:justify;\">\u00abXLIX CONCURS INFANTIL DE DIBUIX I PINTURA FESTERA\u00bb\n<ul>\n<li>In\u00e9s Navarro (Acc\u00e9sit) Infantil<\/li>\n<\/ul>\n<\/li>\n<li>\u00abXXXIX CONCURS LITERARI INFANTIL JORDI LINARES ABAD\u00bb\n<ul>\n<li style=\"text-align:justify;\">Irene Valor (Primer Premio) Alev\u00edn<\/li>\n<li style=\"text-align:justify;\">Sara Pedraza (Segundo Premio)\u00a0Alev\u00edn<\/li>\n<li style=\"text-align:justify;\">Eva Esplugues (Acc\u00e9sit)\u00a0Alev\u00edn<\/li>\n<li style=\"text-align:justify;\">Laura Pe\u00f1alver (Acc\u00e9sit) Alev\u00edn<\/li>\n<li style=\"text-align:justify;\">Celia Verd\u00fa (Segundo Premio) Infantil<\/li>\n<\/ul>\n<\/li>\n<\/ul>\n","protected":false},"excerpt":{"rendered":"<p>Desde el Colegio Santa Ana queremos dar la enhorabuena a los premiados en estos concursos infantiles, al igual que a todos nuestros alumnos participantes. \u00abXLIX CONCURS INFANTIL DE DIBUIX I PINTURA FESTERA\u00bb In\u00e9s Navarro (Acc\u00e9sit) Infantil \u00abXXXIX CONCURS LITERARI INFANTIL JORDI LINARES ABAD\u00bb Irene Valor (Primer Premio) Alev\u00edn Sara Pedraza (Segundo Premio)\u00a0Alev\u00edn Eva Esplugues (Acc\u00e9sit)\u00a0Alev\u00edn&#8230; <\/p>\n<div class=\"link-more\"><a href=\"https:\/\/www.santaanaalcoi.es\/?p=1812\">Lea m\u00e1s<\/a><\/div>\n","protected":false},"author":3,"featured_media":1832,"comment_status":"open","ping_status":"open","sticky":false,"template":"","format":"standard","meta":{"_jetpack_memberships_contains_paid_content":false,"footnotes":""},"categories":[1],"tags":[],"class_list":["post-1812","post","type-post","status-publish","format-standard","has-post-thumbnail","hentry","category-sin-categoria"],"jetpack_featured_media_url":"https:\/\/www.santaanaalcoi.es\/wp-content\/uploads\/2017\/10\/captura-de-pantalla-2017-10-10-18-14-35.png","jetpack_sharing_enabled":true,"_links":{"self":[{"href":"https:\/\/www.santaanaalcoi.es\/index.php?rest_route=\/wp\/v2\/posts\/1812","targetHints":{"allow":["GET"]}}],"collection":[{"href":"https:\/\/www.santaanaalcoi.es\/index.php?rest_route=\/wp\/v2\/posts"}],"about":[{"href":"https:\/\/www.santaanaalcoi.es\/index.php?rest_route=\/wp\/v2\/types\/post"}],"author":[{"embeddable":true,"href":"https:\/\/www.santaanaalcoi.es\/index.php?rest_route=\/wp\/v2\/users\/3"}],"replies":[{"embeddable":true,"href":"https:\/\/www.santaanaalcoi.es\/index.php?rest_route=%2Fwp%2Fv2%2Fcomments&post=1812"}],"version-history":[{"count":0,"href":"https:\/\/www.santaanaalcoi.es\/index.php?rest_route=\/wp\/v2\/posts\/1812\/revisions"}],"wp:featuredmedia":[{"embeddable":true,"href":"https:\/\/www.santaanaalcoi.es\/index.php?rest_route=\/wp\/v2\/media\/1832"}],"wp:attachment":[{"href":"https:\/\/www.santaanaalcoi.es\/index.php?rest_route=%2Fwp%2Fv2%2Fmedia&parent=1812"}],"wp:term":[{"taxonomy":"category","embeddable":true,"href":"https:\/\/www.santaanaalcoi.es\/index.php?rest_route=%2Fwp%2Fv2%2Fcategories&post=1812"},{"taxonomy":"post_tag","embeddable":true,"href":"https:\/\/www.santaanaalcoi.es\/index.php?rest_route=%2Fwp%2Fv2%2Ftags&post=1812"}],"curies":[{"name":"wp","href":"https:\/\/api.w.org\/{rel}","templated":true}]}}