{"id":1759,"date":"2017-09-11T09:54:33","date_gmt":"2017-09-11T09:54:33","guid":{"rendered":"https:\/\/santaanaalcoiweb.wordpress.com\/?p=1759"},"modified":"2017-09-11T09:54:33","modified_gmt":"2017-09-11T09:54:33","slug":"reunion-informativa-club-deportivo-escolar-santa-ana","status":"publish","type":"post","link":"https:\/\/www.santaanaalcoi.es\/?p=1759","title":{"rendered":"Reuni\u00f3n Informativa Club Deportivo Escolar Santa Ana"},"content":{"rendered":"<p class=\"p2\" style=\"text-align:justify;\">Queridas familias:<\/p>\n<p class=\"p2\" style=\"text-align:justify;\">Me pongo en contacto con vosotros para comunicaros que el Club Deportivo Escolar Santa Ana realizar\u00e1 una reuni\u00f3n informativa el pr\u00f3ximo MI\u00c9RCOLES 13 DE SEPTIEMBRE, a las 19:00 horas, en el SAL\u00d3N DE ACTOS del Colegio. En ella se tratar\u00e1n los siguientes temas:<\/p>\n<p class=\"p3\" style=\"text-align:justify;\"><span class=\"s2\">&#8211; <\/span>Presentaci\u00f3n de los nuevos miembros del Club<\/p>\n<p class=\"p3\" style=\"text-align:justify;\"><span class=\"s2\">&#8211; <\/span>Aspectos renovados<\/p>\n<p class=\"p3\" style=\"text-align:justify;\"><span class=\"s2\">&#8211; <\/span>Modalidades deportivas<\/p>\n<p class=\"p3\" style=\"text-align:justify;\"><span class=\"s2\">&#8211; <\/span>Preinscripci\u00f3n<\/p>\n<p class=\"p3\" style=\"text-align:justify;\"><span class=\"s2\">&#8211; <\/span>Cuotas<\/p>\n<p class=\"p3\" style=\"text-align:justify;\"><span class=\"s2\">&#8211; <\/span>Horarios de atenci\u00f3n del mes de Septiembre<\/p>\n<p class=\"p2\" style=\"text-align:justify;\"><span class=\"s2\">&#8211; <\/span>Ruegos y preguntas<\/p>\n<p class=\"p2\" style=\"text-align:justify;\">La asistencia es esencial e imprescindible para poder conocer el nuevo ideario de nuestro renovado Club. Espero vuestra asistencia.<\/p>\n<p class=\"p2\" style=\"text-align:justify;\">Un cordial saludo<\/p>\n<p class=\"p2\" style=\"text-align:justify;\">Adri\u00e1n Ferrer Villa &#8211; Coordinador del Club Deportivo Escolar<\/p>\n","protected":false},"excerpt":{"rendered":"<p>Queridas familias: Me pongo en contacto con vosotros para comunicaros que el Club Deportivo Escolar Santa Ana realizar\u00e1 una reuni\u00f3n informativa el pr\u00f3ximo MI\u00c9RCOLES 13 DE SEPTIEMBRE, a las 19:00 horas, en el SAL\u00d3N DE ACTOS del Colegio. En ella se tratar\u00e1n los siguientes temas: &#8211; Presentaci\u00f3n de los nuevos miembros del Club &#8211; Aspectos&#8230; <\/p>\n<div class=\"link-more\"><a href=\"https:\/\/www.santaanaalcoi.es\/?p=1759\">Lea m\u00e1s<\/a><\/div>\n","protected":false},"author":3,"featured_media":1772,"comment_status":"open","ping_status":"open","sticky":false,"template":"","format":"standard","meta":{"_jetpack_memberships_contains_paid_content":false,"footnotes":""},"categories":[1],"tags":[],"class_list":["post-1759","post","type-post","status-publish","format-standard","has-post-thumbnail","hentry","category-sin-categoria"],"jetpack_featured_media_url":"https:\/\/www.santaanaalcoi.es\/wp-content\/uploads\/2017\/09\/portada-facebook.png","jetpack_sharing_enabled":true,"_links":{"self":[{"href":"https:\/\/www.santaanaalcoi.es\/index.php?rest_route=\/wp\/v2\/posts\/1759","targetHints":{"allow":["GET"]}}],"collection":[{"href":"https:\/\/www.santaanaalcoi.es\/index.php?rest_route=\/wp\/v2\/posts"}],"about":[{"href":"https:\/\/www.santaanaalcoi.es\/index.php?rest_route=\/wp\/v2\/types\/post"}],"author":[{"embeddable":true,"href":"https:\/\/www.santaanaalcoi.es\/index.php?rest_route=\/wp\/v2\/users\/3"}],"replies":[{"embeddable":true,"href":"https:\/\/www.santaanaalcoi.es\/index.php?rest_route=%2Fwp%2Fv2%2Fcomments&post=1759"}],"version-history":[{"count":0,"href":"https:\/\/www.santaanaalcoi.es\/index.php?rest_route=\/wp\/v2\/posts\/1759\/revisions"}],"wp:featuredmedia":[{"embeddable":true,"href":"https:\/\/www.santaanaalcoi.es\/index.php?rest_route=\/wp\/v2\/media\/1772"}],"wp:attachment":[{"href":"https:\/\/www.santaanaalcoi.es\/index.php?rest_route=%2Fwp%2Fv2%2Fmedia&parent=1759"}],"wp:term":[{"taxonomy":"category","embeddable":true,"href":"https:\/\/www.santaanaalcoi.es\/index.php?rest_route=%2Fwp%2Fv2%2Fcategories&post=1759"},{"taxonomy":"post_tag","embeddable":true,"href":"https:\/\/www.santaanaalcoi.es\/index.php?rest_route=%2Fwp%2Fv2%2Ftags&post=1759"}],"curies":[{"name":"wp","href":"https:\/\/api.w.org\/{rel}","templated":true}]}}