{"id":1694,"date":"2017-09-04T14:59:03","date_gmt":"2017-09-04T14:59:03","guid":{"rendered":"https:\/\/santaanaalcoiweb.wordpress.com\/?p=1694"},"modified":"2017-09-04T14:59:03","modified_gmt":"2017-09-04T14:59:03","slug":"dile-si-al-deporte-club-deportivo-escolar-santa-ana","status":"publish","type":"post","link":"https:\/\/www.santaanaalcoi.es\/?p=1694","title":{"rendered":"\u00abDile S\u00cd al Deporte\u00bb: Club Deportivo Escolar Santa Ana"},"content":{"rendered":"<p style=\"text-align:justify;\"><strong>Con el lema \u00abDile S\u00cd al deporte\u00bb presentamos un renovado Club Deportivo Escolar, que tiene como principal objetivo conseguir que todos nuestros alumn@s se queden a jugar en los equipos del colegio Santa Ana, en lugar de hacerlo en equipos de otros clubes.<\/strong><\/p>\n<p style=\"text-align:justify;\"><img loading=\"lazy\" decoding=\"async\" class=\"alignleft size-medium wp-image-1745\" src=\"https:\/\/santaanaalcoiweb.wordpress.com\/wp-content\/uploads\/2017\/09\/cde-santa-ana-logo-2017-todo-blanco-cole.jpg?w=300\" alt=\"65447166 - team frame emblem icon vector illustration design\" width=\"300\" height=\"300\" srcset=\"https:\/\/www.santaanaalcoi.es\/wp-content\/uploads\/2017\/09\/cde-santa-ana-logo-2017-todo-blanco-cole.jpg 2048w, https:\/\/www.santaanaalcoi.es\/wp-content\/uploads\/2017\/09\/cde-santa-ana-logo-2017-todo-blanco-cole-300x300.jpg 300w, https:\/\/www.santaanaalcoi.es\/wp-content\/uploads\/2017\/09\/cde-santa-ana-logo-2017-todo-blanco-cole-1024x1024.jpg 1024w, https:\/\/www.santaanaalcoi.es\/wp-content\/uploads\/2017\/09\/cde-santa-ana-logo-2017-todo-blanco-cole-150x150.jpg 150w, https:\/\/www.santaanaalcoi.es\/wp-content\/uploads\/2017\/09\/cde-santa-ana-logo-2017-todo-blanco-cole-768x768.jpg 768w, https:\/\/www.santaanaalcoi.es\/wp-content\/uploads\/2017\/09\/cde-santa-ana-logo-2017-todo-blanco-cole-1536x1536.jpg 1536w\" sizes=\"auto, (max-width: 300px) 100vw, 300px\" \/>Pensamos que es muy importante que nuestra familia siga creciendo desde valores como el esfuerzo, la unidad y el compa\u00f1erismo, y para ello el deporte, es sin duda nuestro mejor aliado. Y estos valores de familia y deporte ser\u00e1n los que van a definir en un futuro muy cercano a nuestro Club Deportivo.<\/p>\n<p style=\"text-align:justify;\">Para coordinar todas las actividades de esta nueva etapa contaremos con Adri\u00e1n Ferrer Villa, Licenciado en Ciencias de la Actividad F\u00edsica y el Deporte, y actual monitor en el Campus de Verano y en el comedor. Sin duda alguna \u00e9l ser\u00e1 una figura muy importante para asentar los cimientos sobre los que seguir desarrollando la gran labor realizada hasta el momento en el Club Deportivo Escolar.<\/p>\n<p style=\"text-align:justify;\">Creemos que, adem\u00e1s de que los ni\u00f1os se diviertan y disfruten practicando deporte, es fundamental que alguien les ense\u00f1e a practicarlo correctamente, introduciendo en cada etapa los aprendizajes correspondientes. Y es por ello que, otro de los puntos clave para el nuevo curso, ser\u00e1 la contrataci\u00f3n de monitores titulados, que adem\u00e1s, en la medida de lo posible, ser\u00e1n antiguos alumn@s del Colegio Santa Ana, con todo lo positivo que esto puede aportar.<\/p>\n<p style=\"text-align:justify;\">Nuestra intenci\u00f3n es la de formar equipos en todas las categor\u00edas posibles, por lo que pedimos a las familias la m\u00e1xima implicaci\u00f3n en este proyecto que es de tod@s, y del que al final saldr\u00e1n beneficiados l@s ni\u00f1@s.<\/p>\n<p style=\"text-align:justify;\">La pr\u00f3xima semana os informaremos mediante circulares de las fechas en las que\u00a0se realizar\u00e1n reuniones explicativas e informativas, en las que se resolver\u00e1n todas vuestras dudas, y se hablar\u00e1 de las pautas de trabajo que se van introducir.<\/p>\n<p>Este a\u00f1o #JugamosEnCasa&#8230;<\/p>\n<p>\u00a1Dile S\u00cd al Deporte!<\/p>\n<p>Adri\u00e1n Ferre Villa, Coordinador del CDE Santa Ana<\/p>\n<p>&nbsp;<\/p>\n<p>&nbsp;<\/p>\n","protected":false},"excerpt":{"rendered":"<p>Con el lema \u00abDile S\u00cd al deporte\u00bb presentamos un renovado Club Deportivo Escolar, que tiene como principal objetivo conseguir que todos nuestros alumn@s se queden a jugar en los equipos del colegio Santa Ana, en lugar de hacerlo en equipos de otros clubes. Pensamos que es muy importante que nuestra familia siga creciendo desde valores&#8230; <\/p>\n<div class=\"link-more\"><a href=\"https:\/\/www.santaanaalcoi.es\/?p=1694\">Lea m\u00e1s<\/a><\/div>\n","protected":false},"author":3,"featured_media":1748,"comment_status":"open","ping_status":"open","sticky":false,"template":"","format":"standard","meta":{"_jetpack_memberships_contains_paid_content":false,"footnotes":""},"categories":[1],"tags":[],"class_list":["post-1694","post","type-post","status-publish","format-standard","has-post-thumbnail","hentry","category-sin-categoria"],"jetpack_featured_media_url":"https:\/\/www.santaanaalcoi.es\/wp-content\/uploads\/2017\/09\/dile-si-al-deporte.jpg","jetpack_sharing_enabled":false,"_links":{"self":[{"href":"https:\/\/www.santaanaalcoi.es\/index.php?rest_route=\/wp\/v2\/posts\/1694","targetHints":{"allow":["GET"]}}],"collection":[{"href":"https:\/\/www.santaanaalcoi.es\/index.php?rest_route=\/wp\/v2\/posts"}],"about":[{"href":"https:\/\/www.santaanaalcoi.es\/index.php?rest_route=\/wp\/v2\/types\/post"}],"author":[{"embeddable":true,"href":"https:\/\/www.santaanaalcoi.es\/index.php?rest_route=\/wp\/v2\/users\/3"}],"replies":[{"embeddable":true,"href":"https:\/\/www.santaanaalcoi.es\/index.php?rest_route=%2Fwp%2Fv2%2Fcomments&post=1694"}],"version-history":[{"count":0,"href":"https:\/\/www.santaanaalcoi.es\/index.php?rest_route=\/wp\/v2\/posts\/1694\/revisions"}],"wp:featuredmedia":[{"embeddable":true,"href":"https:\/\/www.santaanaalcoi.es\/index.php?rest_route=\/wp\/v2\/media\/1748"}],"wp:attachment":[{"href":"https:\/\/www.santaanaalcoi.es\/index.php?rest_route=%2Fwp%2Fv2%2Fmedia&parent=1694"}],"wp:term":[{"taxonomy":"category","embeddable":true,"href":"https:\/\/www.santaanaalcoi.es\/index.php?rest_route=%2Fwp%2Fv2%2Fcategories&post=1694"},{"taxonomy":"post_tag","embeddable":true,"href":"https:\/\/www.santaanaalcoi.es\/index.php?rest_route=%2Fwp%2Fv2%2Ftags&post=1694"}],"curies":[{"name":"wp","href":"https:\/\/api.w.org\/{rel}","templated":true}]}}