{"id":1639,"date":"2017-05-24T22:06:30","date_gmt":"2017-05-24T22:06:30","guid":{"rendered":"https:\/\/santaanaalcoiweb.wordpress.com\/?p=1639"},"modified":"2017-05-24T22:06:30","modified_gmt":"2017-05-24T22:06:30","slug":"inscripcion-online-campus-de-verano-2017","status":"publish","type":"post","link":"https:\/\/www.santaanaalcoi.es\/?p=1639","title":{"rendered":"Inscripci\u00f3n online Campus de Verano 2017"},"content":{"rendered":"<p style=\"text-align:justify;\">El Colegio Santa Ana ha abierto inscripciones para el Campus de Verano 2017, y para facilitar la inscripci\u00f3n y la recogida de datos hemos preparado este\u00a0<span style=\"color:#3366ff;\"><a style=\"color:#3366ff;\" href=\"https:\/\/goo.gl\/forms\/5eUMJWWB59NIvsbI3\" target=\"_blank\">formulario online<\/a><\/span>.<\/p>\n<p style=\"text-align:justify;\">Para aquellos que lo prefieran, tambi\u00e9n ponemos a su disposici\u00f3n la <span style=\"color:#3366ff;\"><a style=\"color:#3366ff;\" href=\"https:\/\/santaanaalcoiweb.wordpress.com\/wp-content\/uploads\/2017\/05\/inscripcion-campus-2017.pdf\" target=\"_blank\">hoja de inscripci\u00f3n<\/a><\/span> que hemos repartido en el colegio, y que contiene toda la informaci\u00f3n necesaria que a continuaci\u00f3n pasamos a detallar. La fecha tope de recogida de formularios e inscripciones ONLINE ser\u00e1 el pr\u00f3ximo d\u00eda 31 de Mayo.<\/p>\n<ul style=\"text-align:justify;\">\n<li>Fecha: Del 26 de Junio al 28 de Julio, con\u00a0POSIBILIDAD de empezar el\u00a021 de Junio<\/li>\n<li>SERVICIO DE COMEDOR<\/li>\n<li>PERMANENCIAS seg\u00fan demanda<\/li>\n<\/ul>\n<p style=\"text-align:justify;\"><span style=\"text-decoration:underline;\"><strong>\u00bfQu\u00e9 ofrecemos?<\/strong><\/span><\/p>\n<ul style=\"text-align:justify;\">\n<li><em>Mucho Deporte<\/em><\/li>\n<li><em>Creatividad desbordada<\/em><\/li>\n<li><em>Aventuras inolvidables<\/em><\/li>\n<li><em>Acampadas m\u00e1gicas <\/em><\/li>\n<li><em>Agua y m\u00e1s agua (piscinas propias)<\/em><\/li>\n<li><em>Actividades en lengua inglesa<\/em><\/li>\n<\/ul>\n<p style=\"text-align:justify;\"><span style=\"text-decoration:underline;\"><strong>Tarifas Campus (del 26 de Junio al 28 de Julio)<\/strong><\/span><\/p>\n<ul style=\"text-align:justify;\">\n<li><strong>Normal:<\/strong> 180 \u20ac (36 \u20ac la semana)<\/li>\n<li><strong>Hermanos:<\/strong> 150 \u20ac cada uno, siempre que se apunten 3 o m\u00e1s semanas (30 \u20ac la semana). En caso contrario ser\u00e1 tarifa normal.<\/li>\n<li><strong>Inscripci\u00f3n por semanas: <\/strong>m\u00ednimo 2 semanas (45 \u20ac semana)<\/li>\n<li><strong>Servicio extra del 21 al 23 de Junio:<\/strong> 25 \u20ac los tres d\u00edas.<\/li>\n<\/ul>\n<p style=\"text-align:justify;\"><strong><u>Tarifas de COMEDOR:<\/u><\/strong><\/p>\n<ul style=\"text-align:justify;\">\n<li>Campus completo: 110 \u20ac (5 semanas)<\/li>\n<li>Semana suelta: 25 \u20ac<\/li>\n<li>D\u00eda suelto: 6 \u20ac<\/li>\n<\/ul>\n<p style=\"text-align:justify;\"><strong><u>Inscripci\u00f3n:<\/u><\/strong><\/p>\n<ul>\n<li style=\"text-align:justify;\">Alumnos con edades comprendidas entre <strong>0 y 14 a\u00f1os<\/strong>.<\/li>\n<li style=\"text-align:justify;\"><strong>Las plazas son limitadas. <\/strong>La inscripci\u00f3n ser\u00e1 por riguroso orden de entrega del formulario, hasta completar las plazas.<\/li>\n<li style=\"text-align:justify;\"><strong>Tendr\u00e1n preferencia en la inscripci\u00f3n los alumn@s que formalicen su inscripci\u00f3n para todo el mes completo, dando prioridad a los alumn@s de la edici\u00f3n anterior del Campus 2016.<\/strong><\/li>\n<\/ul>\n<p>&nbsp;<\/p>\n","protected":false},"excerpt":{"rendered":"<p>El Colegio Santa Ana ha abierto inscripciones para el Campus de Verano 2017, y para facilitar la inscripci\u00f3n y la recogida de datos hemos preparado este\u00a0formulario online. Para aquellos que lo prefieran, tambi\u00e9n ponemos a su disposici\u00f3n la hoja de inscripci\u00f3n que hemos repartido en el colegio, y que contiene toda la informaci\u00f3n necesaria que&#8230; <\/p>\n<div class=\"link-more\"><a href=\"https:\/\/www.santaanaalcoi.es\/?p=1639\">Lea m\u00e1s<\/a><\/div>\n","protected":false},"author":3,"featured_media":1642,"comment_status":"open","ping_status":"open","sticky":false,"template":"","format":"standard","meta":{"_jetpack_memberships_contains_paid_content":false,"footnotes":""},"categories":[1],"tags":[],"class_list":["post-1639","post","type-post","status-publish","format-standard","has-post-thumbnail","hentry","category-sin-categoria"],"jetpack_featured_media_url":"https:\/\/www.santaanaalcoi.es\/wp-content\/uploads\/2017\/05\/captura-de-pantalla-2017-05-24-23-30-48.png","jetpack_sharing_enabled":true,"_links":{"self":[{"href":"https:\/\/www.santaanaalcoi.es\/index.php?rest_route=\/wp\/v2\/posts\/1639","targetHints":{"allow":["GET"]}}],"collection":[{"href":"https:\/\/www.santaanaalcoi.es\/index.php?rest_route=\/wp\/v2\/posts"}],"about":[{"href":"https:\/\/www.santaanaalcoi.es\/index.php?rest_route=\/wp\/v2\/types\/post"}],"author":[{"embeddable":true,"href":"https:\/\/www.santaanaalcoi.es\/index.php?rest_route=\/wp\/v2\/users\/3"}],"replies":[{"embeddable":true,"href":"https:\/\/www.santaanaalcoi.es\/index.php?rest_route=%2Fwp%2Fv2%2Fcomments&post=1639"}],"version-history":[{"count":0,"href":"https:\/\/www.santaanaalcoi.es\/index.php?rest_route=\/wp\/v2\/posts\/1639\/revisions"}],"wp:featuredmedia":[{"embeddable":true,"href":"https:\/\/www.santaanaalcoi.es\/index.php?rest_route=\/wp\/v2\/media\/1642"}],"wp:attachment":[{"href":"https:\/\/www.santaanaalcoi.es\/index.php?rest_route=%2Fwp%2Fv2%2Fmedia&parent=1639"}],"wp:term":[{"taxonomy":"category","embeddable":true,"href":"https:\/\/www.santaanaalcoi.es\/index.php?rest_route=%2Fwp%2Fv2%2Fcategories&post=1639"},{"taxonomy":"post_tag","embeddable":true,"href":"https:\/\/www.santaanaalcoi.es\/index.php?rest_route=%2Fwp%2Fv2%2Ftags&post=1639"}],"curies":[{"name":"wp","href":"https:\/\/api.w.org\/{rel}","templated":true}]}}