{"id":1617,"date":"2017-05-18T07:14:06","date_gmt":"2017-05-18T07:14:06","guid":{"rendered":"https:\/\/santaanaalcoiweb.wordpress.com\/?p=1617"},"modified":"2017-05-18T07:14:06","modified_gmt":"2017-05-18T07:14:06","slug":"informacion-admision-alumnado-curso-1718","status":"publish","type":"post","link":"https:\/\/www.santaanaalcoi.es\/?p=1617","title":{"rendered":"Informaci\u00f3n admisi\u00f3n alumnado curso 17\/18"},"content":{"rendered":"<p>Admisi\u00f3n del alumnado:<br \/>\n<a href=\"http:\/\/www.ceice.gva.es\/va\/web\/admision-alumnado\" target=\"_blank\" rel=\"noopener noreferrer\">http:\/\/www.ceice.gva.es\/va\/web\/admision-alumnado<\/a><\/p>\n<div>\n<ul>\n<li>La solicitud de Admisi\u00f3n se puede recoger en la secretar\u00eda de nuestro\u00a0Colegio.<\/li>\n<li>Se puede imprimir en los siguientes enlaces, cumplimentar y presentar en la secretar\u00eda del\u00a0Colegio Santa Ana:\n<ul>\n<li>Enlace documento solicitud Admisi\u00f3n Primaria y Secundaria: \u00a0<strong><a href=\"http:\/\/www.ceice.gva.es\/documents\/162640623\/164209996\/MODIFICACI%C3%93%20ANNEX+3.pdf\/f303e877-02b6-48b5-a1f2-400311a6a3d6\" target=\"_blank\" rel=\"noopener noreferrer\">http:\/\/www.ceice.gva.es\/documents\/162640623\/164209996\/MODIFICACI%C3%93%20ANNEX+3.pdf\/f303e877-02b6-48b5-a1f2-400311a6a3d6<\/a><\/strong><\/li>\n<li>Enlace documento solicitud Admisi\u00f3n Infantil: \u00a0<strong><a href=\"http:\/\/www.ceice.gva.es\/documents\/162640623\/164209996\/MODIFICACI%C3%93%20ANNEX+3-BIS.pdf\/cee1bbd2-2020-4c5e-a928-2507f98550fd\" target=\"_blank\" rel=\"noopener noreferrer\">http:\/\/www.ceice.gva.es\/documents\/162640623\/164209996\/MODIFICACI%C3%93%20ANNEX+3-BIS.pdf\/cee1bbd2-2020-4c5e-a928-2507f98550fd<\/a><\/strong><\/li>\n<\/ul>\n<\/li>\n<li>Se puede cumplimentar telem\u00e1ticamente a partir del d\u00eda 22 de mayo (a\u00fan no est\u00e1 activado). En este caso, recordar que se ha de imprimir la solicitud y presentarla en la Secretaria del Colegio Santa Ana.<\/li>\n<li>Aqu\u00ed os dejamos las <a href=\"https:\/\/santaanaalcoiweb.wordpress.com\/secretaria\/matriculacion\/\" target=\"_blank\">FECHAS DE INTER\u00c9S<\/a>.<\/li>\n<\/ul>\n<p style=\"text-align:center;\">[youtube https:\/\/www.youtube.com\/watch?v=9F-fb1Ymf-o&#038;w=560&#038;h=315]<\/p>\n<\/div>\n","protected":false},"excerpt":{"rendered":"<p>Admisi\u00f3n del alumnado: http:\/\/www.ceice.gva.es\/va\/web\/admision-alumnado La solicitud de Admisi\u00f3n se puede recoger en la secretar\u00eda de nuestro\u00a0Colegio. Se puede imprimir en los siguientes enlaces, cumplimentar y presentar en la secretar\u00eda del\u00a0Colegio Santa Ana: Enlace documento solicitud Admisi\u00f3n Primaria y Secundaria: \u00a0http:\/\/www.ceice.gva.es\/documents\/162640623\/164209996\/MODIFICACI%C3%93%20ANNEX+3.pdf\/f303e877-02b6-48b5-a1f2-400311a6a3d6 Enlace documento solicitud Admisi\u00f3n Infantil: \u00a0http:\/\/www.ceice.gva.es\/documents\/162640623\/164209996\/MODIFICACI%C3%93%20ANNEX+3-BIS.pdf\/cee1bbd2-2020-4c5e-a928-2507f98550fd Se puede cumplimentar telem\u00e1ticamente a partir del d\u00eda 22&#8230; <\/p>\n<div class=\"link-more\"><a href=\"https:\/\/www.santaanaalcoi.es\/?p=1617\">Lea m\u00e1s<\/a><\/div>\n","protected":false},"author":3,"featured_media":1634,"comment_status":"open","ping_status":"open","sticky":false,"template":"","format":"standard","meta":{"_jetpack_memberships_contains_paid_content":false,"footnotes":""},"categories":[1],"tags":[],"class_list":["post-1617","post","type-post","status-publish","format-standard","has-post-thumbnail","hentry","category-sin-categoria"],"jetpack_featured_media_url":"https:\/\/www.santaanaalcoi.es\/wp-content\/uploads\/2017\/05\/admision-copia.jpg","jetpack_sharing_enabled":true,"_links":{"self":[{"href":"https:\/\/www.santaanaalcoi.es\/index.php?rest_route=\/wp\/v2\/posts\/1617","targetHints":{"allow":["GET"]}}],"collection":[{"href":"https:\/\/www.santaanaalcoi.es\/index.php?rest_route=\/wp\/v2\/posts"}],"about":[{"href":"https:\/\/www.santaanaalcoi.es\/index.php?rest_route=\/wp\/v2\/types\/post"}],"author":[{"embeddable":true,"href":"https:\/\/www.santaanaalcoi.es\/index.php?rest_route=\/wp\/v2\/users\/3"}],"replies":[{"embeddable":true,"href":"https:\/\/www.santaanaalcoi.es\/index.php?rest_route=%2Fwp%2Fv2%2Fcomments&post=1617"}],"version-history":[{"count":0,"href":"https:\/\/www.santaanaalcoi.es\/index.php?rest_route=\/wp\/v2\/posts\/1617\/revisions"}],"wp:featuredmedia":[{"embeddable":true,"href":"https:\/\/www.santaanaalcoi.es\/index.php?rest_route=\/wp\/v2\/media\/1634"}],"wp:attachment":[{"href":"https:\/\/www.santaanaalcoi.es\/index.php?rest_route=%2Fwp%2Fv2%2Fmedia&parent=1617"}],"wp:term":[{"taxonomy":"category","embeddable":true,"href":"https:\/\/www.santaanaalcoi.es\/index.php?rest_route=%2Fwp%2Fv2%2Fcategories&post=1617"},{"taxonomy":"post_tag","embeddable":true,"href":"https:\/\/www.santaanaalcoi.es\/index.php?rest_route=%2Fwp%2Fv2%2Ftags&post=1617"}],"curies":[{"name":"wp","href":"https:\/\/api.w.org\/{rel}","templated":true}]}}