{"id":1603,"date":"2017-05-08T09:11:23","date_gmt":"2017-05-08T09:11:23","guid":{"rendered":"https:\/\/santaanaalcoiweb.wordpress.com\/?p=1603"},"modified":"2017-05-08T09:11:23","modified_gmt":"2017-05-08T09:11:23","slug":"escoleta-infantil-ayudas-economicas-de-conselleria","status":"publish","type":"post","link":"https:\/\/www.santaanaalcoi.es\/?p=1603","title":{"rendered":"Escoleta Infantil: ayudas econ\u00f3micas de Conseller\u00eda"},"content":{"rendered":"<p style=\"text-align:justify;\">La Conselleria de Educaci\u00f3n, Investigaci\u00f3n, Cultura y Deporte, ha publicado la Resoluci\u00f3n de convocatoria de ayudas econ\u00f3micas, destinadas a la escolarizaci\u00f3n en los centros de Educaci\u00f3n Infantil de primer ciclo (0 a 2 a\u00f1os) de la Comunidad Valenciana, para el curso escolar 2017-2018.<\/p>\n<p style=\"text-align:justify;\">Estas ayudas est\u00e1n destinadas a los alumnos\/as matriculados en el centro, nacidos en los a\u00f1os 2015 y 2016. El plazo de presentaci\u00f3n de solicitudes ser\u00e1 del 8 al 26 de mayo de 2017, ambos inclusive. Dicha solicitud se deber\u00e1 cumplimentar de forma telem\u00e1tica o manualmente y posteriormente entregada en la secretar\u00eda del centro.<\/p>\n<p style=\"text-align:justify;\">El importe destinado a cada tramo de edad ser\u00e1:<\/p>\n<p style=\"text-align:justify;\">De 1 a 2 a\u00f1os (nacidos en 2016): M\u00e1ximo 120\u20ac &#8211; m\u00ednimo 70\u20ac<\/p>\n<p style=\"text-align:justify;\">De 2 a 3 a\u00f1os (nacidos en 2015): M\u00e1ximo 140\u20ac &#8211; m\u00ednimo 80\u20ac<\/p>\n<p style=\"text-align:justify;\">Estas ayudas se descontar\u00e1n a las mensualidades pudiendo obtener tarifas finales desde 50\u20ac\/mes.<\/p>\n<p style=\"text-align:justify;\">Para m\u00e1s info, pod\u00e9is contactar con nuestra responsable\u00a0de secretar\u00eda Eva Bernabeu, llamando al 965332228, o bien enviando mail a secretaria@santaanaalcoi.com.<\/p>\n","protected":false},"excerpt":{"rendered":"<p>La Conselleria de Educaci\u00f3n, Investigaci\u00f3n, Cultura y Deporte, ha publicado la Resoluci\u00f3n de convocatoria de ayudas econ\u00f3micas, destinadas a la escolarizaci\u00f3n en los centros de Educaci\u00f3n Infantil de primer ciclo (0 a 2 a\u00f1os) de la Comunidad Valenciana, para el curso escolar 2017-2018. Estas ayudas est\u00e1n destinadas a los alumnos\/as matriculados en el centro, nacidos&#8230; <\/p>\n<div class=\"link-more\"><a href=\"https:\/\/www.santaanaalcoi.es\/?p=1603\">Lea m\u00e1s<\/a><\/div>\n","protected":false},"author":3,"featured_media":1611,"comment_status":"open","ping_status":"open","sticky":false,"template":"","format":"standard","meta":{"_jetpack_memberships_contains_paid_content":false,"footnotes":""},"categories":[1],"tags":[],"class_list":["post-1603","post","type-post","status-publish","format-standard","has-post-thumbnail","hentry","category-sin-categoria"],"jetpack_featured_media_url":"https:\/\/www.santaanaalcoi.es\/wp-content\/uploads\/2017\/05\/dinero1.jpg","jetpack_sharing_enabled":true,"_links":{"self":[{"href":"https:\/\/www.santaanaalcoi.es\/index.php?rest_route=\/wp\/v2\/posts\/1603","targetHints":{"allow":["GET"]}}],"collection":[{"href":"https:\/\/www.santaanaalcoi.es\/index.php?rest_route=\/wp\/v2\/posts"}],"about":[{"href":"https:\/\/www.santaanaalcoi.es\/index.php?rest_route=\/wp\/v2\/types\/post"}],"author":[{"embeddable":true,"href":"https:\/\/www.santaanaalcoi.es\/index.php?rest_route=\/wp\/v2\/users\/3"}],"replies":[{"embeddable":true,"href":"https:\/\/www.santaanaalcoi.es\/index.php?rest_route=%2Fwp%2Fv2%2Fcomments&post=1603"}],"version-history":[{"count":0,"href":"https:\/\/www.santaanaalcoi.es\/index.php?rest_route=\/wp\/v2\/posts\/1603\/revisions"}],"wp:featuredmedia":[{"embeddable":true,"href":"https:\/\/www.santaanaalcoi.es\/index.php?rest_route=\/wp\/v2\/media\/1611"}],"wp:attachment":[{"href":"https:\/\/www.santaanaalcoi.es\/index.php?rest_route=%2Fwp%2Fv2%2Fmedia&parent=1603"}],"wp:term":[{"taxonomy":"category","embeddable":true,"href":"https:\/\/www.santaanaalcoi.es\/index.php?rest_route=%2Fwp%2Fv2%2Fcategories&post=1603"},{"taxonomy":"post_tag","embeddable":true,"href":"https:\/\/www.santaanaalcoi.es\/index.php?rest_route=%2Fwp%2Fv2%2Ftags&post=1603"}],"curies":[{"name":"wp","href":"https:\/\/api.w.org\/{rel}","templated":true}]}}